{"id":40734,"date":"2022-05-03T15:16:45","date_gmt":"2022-05-03T20:16:45","guid":{"rendered":"http:\/\/www.zonaroja.com.mx\/?p=40734"},"modified":"2022-05-03T16:02:40","modified_gmt":"2022-05-03T21:02:40","slug":"sin-trabajo-celebran-constructoras-oaxaquenas-dia-de-la-santa-cruz","status":"publish","type":"post","link":"https:\/\/zonaroja.com.mx\/?p=40734","title":{"rendered":"Sin trabajo, \u201ccelebran\u201d constructoras oaxaque\u00f1as D\u00eda de la Santa Cruz"},"content":{"rendered":"\n<p>Yuridiana Sosa\/Zona Roja.<\/p>\n\n\n\n<p>Oaxaca de Ju\u00e1rez, Oax., 3 de mayo de 2022.- Ante la falta de participaci\u00f3n de las constructoras oaxaque\u00f1as en la obra p\u00fablica estatal, la C\u00e1mara Mexicana de la Industria de la Construcci\u00f3n (CMIC) conmemor\u00f3 el D\u00eda de la Santa Cruz con una marcha calenda en la capital del estado.<\/p>\n\n\n\n<p>El presidente de la CMIC, delegaci\u00f3n Oaxaca, Misael Elorza Aguilar, se\u00f1al\u00f3 que la distribuci\u00f3n de la obra p\u00fablica para las empresas locales ha sido racionada y de forma parcial, pues no todas han tenido oportunidad de participar de la obra, mientras que prevalece la presencia de constructoras nacionales.<\/p>\n\n\n\n<p>\u201cNecesitamos que nos vean como sus aliados\u201d, expres\u00f3 el representante del sector de la construcci\u00f3n en Oaxaca, quien agreg\u00f3 que esta precariedad laboral lleva a la desaparici\u00f3n de empresas y de cientos de empleos.<\/p>\n\n\n\n<p>Para denunciar esta dif\u00edcil realidad que han vivido desde hace varios a\u00f1os y exigir que el trabajo e inversi\u00f3n se quede para los oaxaque\u00f1os, las empresas afiliadas a la CMIC se desplazaron en calenda de la fuente de las Ocho Regiones, sobre calzada Porfirio D\u00edaz, para llegar al barrio de Jalatlaco, para la celebraci\u00f3n religiosa.<\/p>\n\n\n\n<p><a href=\"https:\/\/twitter.com\/zonaroja_oaxaca\/status\/1521524661007310848?s=21&amp;t=Q1G9Fpz0hjL4SyCprVargw\">https:\/\/twitter.com\/zonaroja_oaxaca\/status\/1521524661007310848?s=21&amp;t=Q1G9Fpz0hjL4SyCprVargw<\/a><\/p>\n\n\n\n<p>Durante su recorrido, los afectados mostraron diferentes mensajes a trav\u00e9s de lonas, donde muestran su inconformidad con la forma de operar de las autoridades contra este gremio oaxaque\u00f1o.<\/p>\n\n\n\n<p>\u201cNo a los megacontratos en Oaxaca\u201d, \u201cExigimos que la obra p\u00fablica la construyen empresas oaxaque\u00f1as\u201d, \u201cLa Sedena a garantizar la seguridad, la obra para los que construimos\u201d, \u201cCada quien a lo suyo\u201d, \u201cPol\u00edticos hacer pol\u00edtica, empresas afiliadas a la CMIC a construir el patrimonio del estado\u201d, manifest\u00f3 el sector.<\/p>\n\n\n\n<p>En la marcha calenda participaron diferentes grupos de constructores, como fue el Colegio de Ingenieros Civiles de Oaxaca; los representantes del gremio portaron cruces de flores que fueron bendecidas en la iglesia y que posteriormente colocar\u00e1n en sus obras.<\/p>\n","protected":false},"excerpt":{"rendered":"<p>Yuridiana Sosa\/Zona Roja. Oaxaca de Ju\u00e1rez, Oax., 3 de mayo de 2022.- Ante la falta&hellip;<\/p>\n","protected":false},"author":2,"featured_media":40743,"comment_status":"closed","ping_status":"open","sticky":false,"template":"","format":"standard","meta":{"_lmt_disableupdate":"","_lmt_disable":"","_jetpack_memberships_contains_paid_content":false,"footnotes":""},"categories":[109,47],"tags":[2908],"class_list":["post-40734","post","type-post","status-publish","format-standard","has-post-thumbnail","hentry","category-minuto-a-minuto","category-zona-gris","tag-camara-mexicana-de-la-industria-de-la-construccion-cmic-oaxaca"],"jetpack_featured_media_url":"https:\/\/zonaroja.com.mx\/wp-content\/uploads\/2022\/05\/f8f5988e-3510-4f0e-82ce-12cef6941ab1.jpg","jetpack_sharing_enabled":true,"_links":{"self":[{"href":"https:\/\/zonaroja.com.mx\/index.php?rest_route=\/wp\/v2\/posts\/40734","targetHints":{"allow":["GET"]}}],"collection":[{"href":"https:\/\/zonaroja.com.mx\/index.php?rest_route=\/wp\/v2\/posts"}],"about":[{"href":"https:\/\/zonaroja.com.mx\/index.php?rest_route=\/wp\/v2\/types\/post"}],"author":[{"embeddable":true,"href":"https:\/\/zonaroja.com.mx\/index.php?rest_route=\/wp\/v2\/users\/2"}],"replies":[{"embeddable":true,"href":"https:\/\/zonaroja.com.mx\/index.php?rest_route=%2Fwp%2Fv2%2Fcomments&post=40734"}],"version-history":[{"count":2,"href":"https:\/\/zonaroja.com.mx\/index.php?rest_route=\/wp\/v2\/posts\/40734\/revisions"}],"predecessor-version":[{"id":40744,"href":"https:\/\/zonaroja.com.mx\/index.php?rest_route=\/wp\/v2\/posts\/40734\/revisions\/40744"}],"wp:featuredmedia":[{"embeddable":true,"href":"https:\/\/zonaroja.com.mx\/index.php?rest_route=\/wp\/v2\/media\/40743"}],"wp:attachment":[{"href":"https:\/\/zonaroja.com.mx\/index.php?rest_route=%2Fwp%2Fv2%2Fmedia&parent=40734"}],"wp:term":[{"taxonomy":"category","embeddable":true,"href":"https:\/\/zonaroja.com.mx\/index.php?rest_route=%2Fwp%2Fv2%2Fcategories&post=40734"},{"taxonomy":"post_tag","embeddable":true,"href":"https:\/\/zonaroja.com.mx\/index.php?rest_route=%2Fwp%2Fv2%2Ftags&post=40734"}],"curies":[{"name":"wp","href":"https:\/\/api.w.org\/{rel}","templated":true}]}}