{"id":40738,"date":"2022-05-03T15:21:30","date_gmt":"2022-05-03T20:21:30","guid":{"rendered":"http:\/\/www.zonaroja.com.mx\/?p=40738"},"modified":"2022-05-03T15:21:31","modified_gmt":"2022-05-03T20:21:31","slug":"padre-sustrajo-ilegalmente-en-el-dia-del-nino-lo-recupera-fiscalia","status":"publish","type":"post","link":"https:\/\/zonaroja.com.mx\/?p=40738","title":{"rendered":"Padre sustrajo ilegalmente en el D\u00eda del Ni\u00f1o; lo recupera Fiscal\u00eda"},"content":{"rendered":"\n<p>Redacci\u00f3n\/Zona Roja.<\/p>\n\n\n\n<p>Oaxaca de Ju\u00e1rez, Oax., 3 de mayo de 2022.- La Fiscal\u00eda General del Estado de Oaxaca (FGEO) logr\u00f3 la localizaci\u00f3n de un menor de edad -de identidad reservada por ley- que hab\u00eda sido sustra\u00eddo por su padre y quien fue restituido con la responsable de su guarda y custodia (madre), hecho cometido en Puerto Escondido, en la regi\u00f3n de la Costa.<\/p>\n\n\n\n<p>De acuerdo con la carpeta de investigaci\u00f3n 15178\/FCOS\/PUERTO\/2022, la madre del menor de edad denunci\u00f3 que desde el pasado 30 de abril del a\u00f1o en curso, el padre del menor de edad lo hab\u00eda sustra\u00eddo y no lo hab\u00eda llevado de vuelta a su domicilio.<\/p>\n\n\n\n<p>Ante este hecho, la FGEO integr\u00f3 la investigaci\u00f3n correspondiente por el delito de sustracci\u00f3n de menores y el pasado lunes 2 de mayo, personal de la Vicefiscal\u00eda Regional de la Costa y elementos de la Agencia Estatal de Investigaciones realizaron el trabajo de b\u00fasqueda y rastreo correspondiente en compa\u00f1\u00eda de la madre del menor de edad, acudiendo al Sector Reforma C de Puerto Escondido, donde localizaron al menor de edad.<\/p>\n\n\n\n<p>Luego de ser presentado ante el Agente del Ministerio P\u00fablico y tras ser valorado y certificado m\u00e9dicamente, el menor de edad fue restituido con su madre.<\/p>\n\n\n\n<p>La Fiscal\u00eda General atiende el inter\u00e9s superior de la ni\u00f1ez ante cualquier delito que ponga en riesgo a ni\u00f1as, ni\u00f1os o adolescentes, actuando de manera expedita para garantizar la seguridad de las v\u00edctimas.<\/p>\n","protected":false},"excerpt":{"rendered":"<p>Redacci\u00f3n\/Zona Roja. Oaxaca de Ju\u00e1rez, Oax., 3 de mayo de 2022.- La Fiscal\u00eda General del&hellip;<\/p>\n","protected":false},"author":2,"featured_media":40739,"comment_status":"closed","ping_status":"open","sticky":false,"template":"","format":"standard","meta":{"_lmt_disableupdate":"","_lmt_disable":"","_jetpack_memberships_contains_paid_content":false,"footnotes":""},"categories":[109,46],"tags":[494],"class_list":["post-40738","post","type-post","status-publish","format-standard","has-post-thumbnail","hentry","category-minuto-a-minuto","category-zona-blanca","tag-fiscalia-general-del-estado-de-oaxaca"],"jetpack_featured_media_url":"https:\/\/zonaroja.com.mx\/wp-content\/uploads\/2022\/05\/Custodia-menor.jpeg","jetpack_sharing_enabled":true,"_links":{"self":[{"href":"https:\/\/zonaroja.com.mx\/index.php?rest_route=\/wp\/v2\/posts\/40738","targetHints":{"allow":["GET"]}}],"collection":[{"href":"https:\/\/zonaroja.com.mx\/index.php?rest_route=\/wp\/v2\/posts"}],"about":[{"href":"https:\/\/zonaroja.com.mx\/index.php?rest_route=\/wp\/v2\/types\/post"}],"author":[{"embeddable":true,"href":"https:\/\/zonaroja.com.mx\/index.php?rest_route=\/wp\/v2\/users\/2"}],"replies":[{"embeddable":true,"href":"https:\/\/zonaroja.com.mx\/index.php?rest_route=%2Fwp%2Fv2%2Fcomments&post=40738"}],"version-history":[{"count":1,"href":"https:\/\/zonaroja.com.mx\/index.php?rest_route=\/wp\/v2\/posts\/40738\/revisions"}],"predecessor-version":[{"id":40740,"href":"https:\/\/zonaroja.com.mx\/index.php?rest_route=\/wp\/v2\/posts\/40738\/revisions\/40740"}],"wp:featuredmedia":[{"embeddable":true,"href":"https:\/\/zonaroja.com.mx\/index.php?rest_route=\/wp\/v2\/media\/40739"}],"wp:attachment":[{"href":"https:\/\/zonaroja.com.mx\/index.php?rest_route=%2Fwp%2Fv2%2Fmedia&parent=40738"}],"wp:term":[{"taxonomy":"category","embeddable":true,"href":"https:\/\/zonaroja.com.mx\/index.php?rest_route=%2Fwp%2Fv2%2Fcategories&post=40738"},{"taxonomy":"post_tag","embeddable":true,"href":"https:\/\/zonaroja.com.mx\/index.php?rest_route=%2Fwp%2Fv2%2Ftags&post=40738"}],"curies":[{"name":"wp","href":"https:\/\/api.w.org\/{rel}","templated":true}]}}