{"id":40751,"date":"2022-05-03T22:11:20","date_gmt":"2022-05-04T03:11:20","guid":{"rendered":"http:\/\/www.zonaroja.com.mx\/?p=40751"},"modified":"2022-05-03T22:11:22","modified_gmt":"2022-05-04T03:11:22","slug":"deficiencias-provocan-paro-por-varias-horas-en-issste-en-tuxtepec","status":"publish","type":"post","link":"https:\/\/zonaroja.com.mx\/?p=40751","title":{"rendered":"Deficiencias provocan \u201cparo\u201d por varias horas en ISSSTE en Tuxtepec"},"content":{"rendered":"\n<p>Yuridiana Sosa\/Zona Roja.<\/p>\n\n\n\n<p>Oaxaca de Ju\u00e1rez,Oax., 03 de mayo de 2022.- Sindicalizados de la Cl\u00ednica-Hospital del &nbsp;Instituto de Seguridad y Servicios Sociales para los Trabajadores del Estado (ISSSTE) en Tuxtepec llevaron a cabo un paro laboral para exigir a las autoridades federales atenci\u00f3n a las demandas relacionadas con abastecimiento de equipo m\u00e9dico, infraestructura, insumos y del \u00e1mbito laboral.<\/p>\n\n\n\n<p>El servicio de consulta externa, as\u00ed como de las diferentes \u00e1reas administrativas, entre otras, a excepci\u00f3n de urgencias, fue suspendido por unas ocho horas, a partir de las 7:00 horas de este martes, con motivo de una asamblea permanente ante la llegada de representantes de autoridades federales.<\/p>\n\n\n\n<p>La delegada del Sindicato Nacional de Trabajadores del ISSSTE, Dulce Mar\u00eda Ler\u00edn Arellano, se\u00f1al\u00f3 que las demandas presentadas son a\u00f1ejas, pero que no se han atendido desde hace varios a\u00f1os y por las que esperar\u00e1n, una vez m\u00e1s, tener respuesta favorable del gobierno de M\u00e9xico.<\/p>\n\n\n\n<p>Entre las demandas sobresale la ampliaci\u00f3n del nosocomio, que actualmente cuenta con apenas tres camas para el \u00e1rea covid, cinco de hospitalizaci\u00f3n, una de pediatr\u00eda, as\u00ed como \u00e1reas que ya no cumplen con la demanda, tanto en zona de hospital, quir\u00f3fanos, como de laboratorio, por lo que los derechohabientes reciben atenci\u00f3n en un nosocomio obsoleto.<\/p>\n\n\n\n<p>El personal m\u00e9dico tambi\u00e9n demand\u00f3 equipo m\u00e9dico b\u00e1sico y especializado para mejorar su servicio; ambulancias para traslados y uniformes de trabajo; adem\u00e1s de resolver situaciones laborales internas del hospital, estas \u00faltimas las \u00faltimas que lograron resolverse.<\/p>\n\n\n\n<p>PROTESTA SILENCIOSA<\/p>\n\n\n\n<p>Cientos de ciudadanos de la regi\u00f3n de la Cuenca, tanto de la parte de Oaxaca como de Veracruz, que son atendidos en este nosocomio fueron afectados ante el \u201cparo\u201d de actividades sin previo aviso.<\/p>\n\n\n\n<p>La \u201csilenciosa\u201d jornada sindical, por la que no se colocaron lonas ni mantas de protesta, ocasion\u00f3 desorientaci\u00f3n de los derechohabientes, a quienes nadie los atend\u00eda ni para indicarles que no hab\u00eda servicio.<\/p>\n\n\n\n<p>Una vez concluida la reuni\u00f3n posterior al mediod\u00eda, el servicio en la Cl\u00ednica-Hospital se restableci\u00f3.<\/p>\n","protected":false},"excerpt":{"rendered":"<p>Yuridiana Sosa\/Zona Roja. Oaxaca de Ju\u00e1rez,Oax., 03 de mayo de 2022.- Sindicalizados de la Cl\u00ednica-Hospital&hellip;<\/p>\n","protected":false},"author":2,"featured_media":40752,"comment_status":"closed","ping_status":"open","sticky":false,"template":"","format":"standard","meta":{"_lmt_disableupdate":"","_lmt_disable":"","_jetpack_memberships_contains_paid_content":false,"footnotes":""},"categories":[109,47],"tags":[],"class_list":["post-40751","post","type-post","status-publish","format-standard","has-post-thumbnail","hentry","category-minuto-a-minuto","category-zona-gris"],"jetpack_featured_media_url":"https:\/\/zonaroja.com.mx\/wp-content\/uploads\/2022\/05\/Paro-ISSSTE.jpg","jetpack_sharing_enabled":true,"_links":{"self":[{"href":"https:\/\/zonaroja.com.mx\/index.php?rest_route=\/wp\/v2\/posts\/40751","targetHints":{"allow":["GET"]}}],"collection":[{"href":"https:\/\/zonaroja.com.mx\/index.php?rest_route=\/wp\/v2\/posts"}],"about":[{"href":"https:\/\/zonaroja.com.mx\/index.php?rest_route=\/wp\/v2\/types\/post"}],"author":[{"embeddable":true,"href":"https:\/\/zonaroja.com.mx\/index.php?rest_route=\/wp\/v2\/users\/2"}],"replies":[{"embeddable":true,"href":"https:\/\/zonaroja.com.mx\/index.php?rest_route=%2Fwp%2Fv2%2Fcomments&post=40751"}],"version-history":[{"count":1,"href":"https:\/\/zonaroja.com.mx\/index.php?rest_route=\/wp\/v2\/posts\/40751\/revisions"}],"predecessor-version":[{"id":40753,"href":"https:\/\/zonaroja.com.mx\/index.php?rest_route=\/wp\/v2\/posts\/40751\/revisions\/40753"}],"wp:featuredmedia":[{"embeddable":true,"href":"https:\/\/zonaroja.com.mx\/index.php?rest_route=\/wp\/v2\/media\/40752"}],"wp:attachment":[{"href":"https:\/\/zonaroja.com.mx\/index.php?rest_route=%2Fwp%2Fv2%2Fmedia&parent=40751"}],"wp:term":[{"taxonomy":"category","embeddable":true,"href":"https:\/\/zonaroja.com.mx\/index.php?rest_route=%2Fwp%2Fv2%2Fcategories&post=40751"},{"taxonomy":"post_tag","embeddable":true,"href":"https:\/\/zonaroja.com.mx\/index.php?rest_route=%2Fwp%2Fv2%2Ftags&post=40751"}],"curies":[{"name":"wp","href":"https:\/\/api.w.org\/{rel}","templated":true}]}}