{"id":40754,"date":"2022-05-03T22:15:45","date_gmt":"2022-05-04T03:15:45","guid":{"rendered":"http:\/\/www.zonaroja.com.mx\/?p=40754"},"modified":"2022-05-03T22:15:46","modified_gmt":"2022-05-04T03:15:46","slug":"dia-mundial-de-la-libertad-de-prensa-mexico-el-mas-mortifero-para-el-periodismo","status":"publish","type":"post","link":"https:\/\/zonaroja.com.mx\/?p=40754","title":{"rendered":"D\u00eda Mundial de la Libertad de Prensa: M\u00e9xico, el m\u00e1s mort\u00edfero para el periodismo"},"content":{"rendered":"\n<p>Redacci\u00f3n\/Zona Roja Cdmx.<\/p>\n\n\n\n<p>Ciudad de M\u00e9xico, 3 de mayo de 2022.- Debido a la cantidad de periodistas asesinados en M\u00e9xico durante el \u00faltimo a\u00f1o, la organizaci\u00f3n Reporteros Sin Fronteras catalog\u00f3 al pa\u00eds como \u201cel m\u00e1s mort\u00edfero del mundo\u201d en el marco del D\u00eda Internacional de la Libertad de pPrensa.<\/p>\n\n\n\n<p>De acuerdo con sus indicadores de seguridad para periodistas, M\u00e9xico se ubica en el lugar 179 de 180 en la clasificaci\u00f3n mundial. Algunos factores importantes que destaca la organizaci\u00f3n para que el pa\u00eds tenga esa posici\u00f3n es la ret\u00f3rica \u201ctan violenta como estigmatizante contra los periodistas, a los que acusan regularmente de promover a la oposici\u00f3n\u201d de parte del presidente Andr\u00e9s Manuel L\u00f3pez Obrador, as\u00ed como otros funcionarios del Gobierno.<\/p>\n\n\n\n<p>Reporteros Sin Fronteras asegura que el hecho de que M\u00e9xico sea uno de los pa\u00edses con mayor concentraci\u00f3n medi\u00e1tica del mundo hace complicado que medios emergentes obtengan un espacio, esto ha dado paso al periodismo independiente, gremio que ha tenido casos de periodistas asesinados recientemente.<\/p>\n\n\n\n<p>La organizaci\u00f3n Human Rights Watch tambi\u00e9n considera que la narrativa violenta que sufren los periodistas en M\u00e9xico atenta contra la libertad de prensa.<\/p>\n\n\n\n<p>En un informe publicado este martes acusa que \u201cel presidente Andr\u00e9s Manuel L\u00f3pez Obrador deber\u00eda adoptar medidas urgentes para fortalecer el mecanismo de protecci\u00f3n del gobierno federal, cesar el hostigamiento a periodistas que critican al gobierno y asegurar que los fiscales pongan fin a la impunidad casi absoluta de estos cr\u00edmenes\u201d.<\/p>\n\n\n\n<p>Se\u00f1al\u00f3 que los ocho periodistas asesinados en M\u00e9xico durante 2022 representan la segunda cifra m\u00e1s alta registrada en el mundo, solo por debajo de Ucrania, pa\u00eds que actualmente est\u00e1 en guerra con Rusia y donde se han reportado al menos 12 decesos.<\/p>\n\n\n\n<p>Tyler Mattiace, investigador de Human Rights Watch, se\u00f1al\u00f3 que \u201cel presidente L\u00f3pez Obrador no solo no ha abordado la violencia contra la prensa, sino que adem\u00e1s sigue utilizando sus conferencias ma\u00f1aneras para hostigar e intimidar a periodistas\u201d.<\/p>\n\n\n\n<p>eporteros Sin Fronteras apunta durante su informe sobre M\u00e9xico que la relaci\u00f3n entre autoridades y crimen organizado significa una \u201cgrave amenaza\u201d contra periodistas.<\/p>\n\n\n\n<p>\u201cLos profesionales que cubren temas sensibles relativos a la pol\u00edtica o al crimen, especialmente a nivel local, padecen advertencias y amenazas, cuando no son simple y llanamente asesinados\u201d, se\u00f1ala la organizaci\u00f3n.<\/p>\n\n\n\n<p>Reporteros Sin Fronteras tambi\u00e9n acusa que el presidente Andr\u00e9s Manuel L\u00f3pez Obrador no ha emprendido ninguna medida para detener la violencia y la impunidad contra periodistas en M\u00e9xico.<\/p>\n\n\n\n<p>(Informaci\u00f3n de \u201cEl Financiero\u201d)<\/p>\n","protected":false},"excerpt":{"rendered":"<p>Redacci\u00f3n\/Zona Roja Cdmx. Ciudad de M\u00e9xico, 3 de mayo de 2022.- Debido a la cantidad&hellip;<\/p>\n","protected":false},"author":2,"featured_media":2808,"comment_status":"closed","ping_status":"open","sticky":false,"template":"","format":"standard","meta":{"_lmt_disableupdate":"","_lmt_disable":"","_jetpack_memberships_contains_paid_content":false,"footnotes":""},"categories":[109,47],"tags":[3063],"class_list":["post-40754","post","type-post","status-publish","format-standard","has-post-thumbnail","hentry","category-minuto-a-minuto","category-zona-gris","tag-periodismo-en-riesgo-oaxaca"],"jetpack_featured_media_url":"https:\/\/zonaroja.com.mx\/wp-content\/uploads\/2019\/08\/prensa-3.png","jetpack_sharing_enabled":true,"_links":{"self":[{"href":"https:\/\/zonaroja.com.mx\/index.php?rest_route=\/wp\/v2\/posts\/40754","targetHints":{"allow":["GET"]}}],"collection":[{"href":"https:\/\/zonaroja.com.mx\/index.php?rest_route=\/wp\/v2\/posts"}],"about":[{"href":"https:\/\/zonaroja.com.mx\/index.php?rest_route=\/wp\/v2\/types\/post"}],"author":[{"embeddable":true,"href":"https:\/\/zonaroja.com.mx\/index.php?rest_route=\/wp\/v2\/users\/2"}],"replies":[{"embeddable":true,"href":"https:\/\/zonaroja.com.mx\/index.php?rest_route=%2Fwp%2Fv2%2Fcomments&post=40754"}],"version-history":[{"count":1,"href":"https:\/\/zonaroja.com.mx\/index.php?rest_route=\/wp\/v2\/posts\/40754\/revisions"}],"predecessor-version":[{"id":40755,"href":"https:\/\/zonaroja.com.mx\/index.php?rest_route=\/wp\/v2\/posts\/40754\/revisions\/40755"}],"wp:featuredmedia":[{"embeddable":true,"href":"https:\/\/zonaroja.com.mx\/index.php?rest_route=\/wp\/v2\/media\/2808"}],"wp:attachment":[{"href":"https:\/\/zonaroja.com.mx\/index.php?rest_route=%2Fwp%2Fv2%2Fmedia&parent=40754"}],"wp:term":[{"taxonomy":"category","embeddable":true,"href":"https:\/\/zonaroja.com.mx\/index.php?rest_route=%2Fwp%2Fv2%2Fcategories&post=40754"},{"taxonomy":"post_tag","embeddable":true,"href":"https:\/\/zonaroja.com.mx\/index.php?rest_route=%2Fwp%2Fv2%2Ftags&post=40754"}],"curies":[{"name":"wp","href":"https:\/\/api.w.org\/{rel}","templated":true}]}}