{"id":40756,"date":"2022-05-03T22:22:06","date_gmt":"2022-05-04T03:22:06","guid":{"rendered":"http:\/\/www.zonaroja.com.mx\/?p=40756"},"modified":"2022-05-03T22:22:08","modified_gmt":"2022-05-04T03:22:08","slug":"la-segob-y-el-gobierno-de-oaxaca-reunen-por-primera-vez-al-mult-y-al-multi","status":"publish","type":"post","link":"https:\/\/zonaroja.com.mx\/?p=40756","title":{"rendered":"La Segob y el gobierno de Oaxaca re\u00fanen por primera vez al MULT y al MULTI"},"content":{"rendered":"\n<p>Redacci\u00f3n\/Zona Roja.<\/p>\n\n\n\n<p>Oaxaca de Ju\u00e1rez, Oax., 3 de mayo de 2022.- Como parte del compromiso del gobierno federal y el gobierno del estado de Oaxaca, esta ma\u00f1ana se llev\u00f3 a cabo la primera reuni\u00f3n entre autoridades federales, estatales y municipales con representantes de Tierra Blanca Copala, Oaxaca: Movimiento de Unificaci\u00f3n y Lucha Triqui (MULT) y Movimiento de Unificaci\u00f3n y Lucha Triqui Independiente (MULTI).&nbsp;<\/p>\n\n\n\n<p>La reuni\u00f3n realizada en el sal\u00f3n Revoluci\u00f3n de la Secretar\u00eda de Gobernaci\u00f3n, Ciudad de M\u00e9xico, estuvo encabezada por el subsecretario de Derechos Humanos, Poblaci\u00f3n y Migraci\u00f3n, Alejandro Encinas Rodr\u00edguez; el gobernador de Oaxaca, Alejandro Murat Hinojosa.<\/p>\n\n\n\n<p>Asimismo, el fiscal general estatal, Arturo Peimbert Calvo; y el subsecretario de gobierno de la Ciudad de M\u00e9xico, Ricardo Ruiz Su\u00e1rez, as\u00ed como representantes de derechos humanos en la entidad y organizaciones de la sociedad civil, acordaron que este mi\u00e9rcoles contin\u00faen los trabajos de consenso para construir una soluci\u00f3n pol\u00edtica que sume a la pacificaci\u00f3n en la zona.<\/p>\n\n\n\n<p>Para ello, habitantes de Tierra Blanca Copala y familias desplazadas acordaron llevar a cabo una mesa de di\u00e1logo y continuar trazando la ruta de retorno seguro y en paz con el acompa\u00f1amiento de la federaci\u00f3n, y los gobiernos estatal y municipal.<\/p>\n\n\n\n<p>Las autoridades ratificaron que ser\u00e1 solo a trav\u00e9s del di\u00e1logo y de la voluntad que las familias regresen a Oaxaca.<\/p>\n\n\n\n<figure class=\"wp-block-embed is-type-rich is-provider-twitter wp-block-embed-twitter\"><div class=\"wp-block-embed__wrapper\">\n<div class=\"twitter-tweet\"><blockquote class=\"twitter-tweet\" data-lang=\"es\"><p lang=\"es\" dir=\"ltr\">En la sede de la <a href=\"https:\/\/twitter.com\/SEGOB_mx?ref_src=twsrc%5Etfw\">@SEGOB_mx<\/a>, el subsecretario <a href=\"https:\/\/twitter.com\/A_Encinas_R?ref_src=twsrc%5Etfw\">@A_Encinas_R<\/a> y el gobernador de Oaxaca, <a href=\"https:\/\/twitter.com\/alejandromurat?ref_src=twsrc%5Etfw\">@alejandromurat<\/a>, sostienen una reuni\u00f3n con desplazados triquis de Tierra Blanca Copala, tras diversas protestas en la Ciudad de M\u00e9xico y en Oaxaca. Por primera vez juntan al MULT y al MULTI. <a href=\"https:\/\/t.co\/eUPdMQizAN\">pic.twitter.com\/eUPdMQizAN<\/a><\/p>&mdash; Zona Roja Oaxaca (@ZonaRoja_Oaxaca) <a href=\"https:\/\/twitter.com\/ZonaRoja_Oaxaca\/status\/1521568801053155329?ref_src=twsrc%5Etfw\">3 de mayo de 2022<\/a><\/blockquote><\/div>\n<\/div><\/figure>\n","protected":false},"excerpt":{"rendered":"<p>Redacci\u00f3n\/Zona Roja. Oaxaca de Ju\u00e1rez, Oax., 3 de mayo de 2022.- Como parte del compromiso&hellip;<\/p>\n","protected":false},"author":2,"featured_media":40757,"comment_status":"closed","ping_status":"open","sticky":false,"template":"","format":"standard","meta":{"_lmt_disableupdate":"","_lmt_disable":"","_jetpack_memberships_contains_paid_content":false,"footnotes":""},"categories":[109,47],"tags":[173],"class_list":["post-40756","post","type-post","status-publish","format-standard","has-post-thumbnail","hentry","category-minuto-a-minuto","category-zona-gris","tag-alejandro-murat-hinojosa"],"jetpack_featured_media_url":"https:\/\/zonaroja.com.mx\/wp-content\/uploads\/2022\/05\/Reunion-Oaxaca-gobernador-triquis-Tierra-Blanca-Segob.jpg","jetpack_sharing_enabled":true,"_links":{"self":[{"href":"https:\/\/zonaroja.com.mx\/index.php?rest_route=\/wp\/v2\/posts\/40756","targetHints":{"allow":["GET"]}}],"collection":[{"href":"https:\/\/zonaroja.com.mx\/index.php?rest_route=\/wp\/v2\/posts"}],"about":[{"href":"https:\/\/zonaroja.com.mx\/index.php?rest_route=\/wp\/v2\/types\/post"}],"author":[{"embeddable":true,"href":"https:\/\/zonaroja.com.mx\/index.php?rest_route=\/wp\/v2\/users\/2"}],"replies":[{"embeddable":true,"href":"https:\/\/zonaroja.com.mx\/index.php?rest_route=%2Fwp%2Fv2%2Fcomments&post=40756"}],"version-history":[{"count":1,"href":"https:\/\/zonaroja.com.mx\/index.php?rest_route=\/wp\/v2\/posts\/40756\/revisions"}],"predecessor-version":[{"id":40758,"href":"https:\/\/zonaroja.com.mx\/index.php?rest_route=\/wp\/v2\/posts\/40756\/revisions\/40758"}],"wp:featuredmedia":[{"embeddable":true,"href":"https:\/\/zonaroja.com.mx\/index.php?rest_route=\/wp\/v2\/media\/40757"}],"wp:attachment":[{"href":"https:\/\/zonaroja.com.mx\/index.php?rest_route=%2Fwp%2Fv2%2Fmedia&parent=40756"}],"wp:term":[{"taxonomy":"category","embeddable":true,"href":"https:\/\/zonaroja.com.mx\/index.php?rest_route=%2Fwp%2Fv2%2Fcategories&post=40756"},{"taxonomy":"post_tag","embeddable":true,"href":"https:\/\/zonaroja.com.mx\/index.php?rest_route=%2Fwp%2Fv2%2Ftags&post=40756"}],"curies":[{"name":"wp","href":"https:\/\/api.w.org\/{rel}","templated":true}]}}