{"id":40764,"date":"2022-05-04T07:46:01","date_gmt":"2022-05-04T12:46:01","guid":{"rendered":"http:\/\/www.zonaroja.com.mx\/?p=40764"},"modified":"2022-05-04T11:57:10","modified_gmt":"2022-05-04T16:57:10","slug":"tras-discusion-con-marido-mujer-habria-asesinado-con-cuchillo-a-sus-4-hijos","status":"publish","type":"post","link":"https:\/\/zonaroja.com.mx\/?p=40764","title":{"rendered":"Tras discusi\u00f3n con marido, mujer habr\u00eda asesinado con cuchillo a sus 4 hijos"},"content":{"rendered":"\n<p>Redacci\u00f3n\/Zona Roja.<\/p>\n\n\n\n<p>Oaxaca de Ju\u00e1rez, Oax., 4 de mayo de 2022.- Los cuatro menores de edad de Chicapa de Castro, Oaxaca, habr\u00edan sido asesinados por su madre con arma blanca y no por envenenamiento.<\/p>\n\n\n\n<p>Ello se desprende de las primeras investigaciones de la Fiscal\u00eda General del Estado y confirmaci\u00f3n del fiscal Arturo Peimbert, tras el probable multihomicidio registrado este lunes 2 de mayo.<\/p>\n\n\n\n<p>Seg\u00fan los datos preliminares, Delfino N. y la se\u00f1ora Areli J. M. habr\u00edan convivido el domingo por la tarde e ingerido bebidas embriagantes; el lunes por la ma\u00f1ana, discutieron, por lo cual el marido sali\u00f3 de la casa.<\/p>\n\n\n\n<p>Al regresar por la tarde, hall\u00f3 los cuerpos de tres ni\u00f1as y un beb\u00e9 formados y muertos; de manera inicial se dijo que hab\u00eda sido por envenenamiento, pero ayer se confirm\u00f3 que fue por arma blanca.<\/p>\n\n\n\n<p>La autoridad de Chicapa de Castro, agencia de Juchit\u00e1n de Zaragoza, decretaron ayer luto de tres d\u00edas, as\u00ed como suspensi\u00f3n de clases. Ayer fue el sepelio de los menores, con el apoyo de la poblaci\u00f3n, mientras que la madre contin\u00faa internada en un hospital de Juchit\u00e1n, tras intentar suicidarse.<\/p>\n\n\n\n<p>Los menores Areli A. J., de 8 a\u00f1os de edad; Itz\u00e1 A. A. J., de 5 a\u00f1os; Alim I. A. J., de dos a\u00f1os, y Delfino A. J. de 10 meses de edad, fueron despedidos en un ata\u00fad blanco hasta el pante\u00f3n de la localidad, tras el servicio religioso.<\/p>\n\n\n\n<figure class=\"wp-block-image size-full\"><a href=\"http:\/\/www.zonaroja.com.mx\/wp-content\/uploads\/2022\/05\/madre-ninos-Chicapa-de-Castro.jpg\" data-rel=\"penci-gallery-image-content\" ><img decoding=\"async\" width=\"960\" height=\"629\" src=\"http:\/\/www.zonaroja.com.mx\/wp-content\/uploads\/2022\/05\/madre-ninos-Chicapa-de-Castro.jpg\" alt=\"\" class=\"wp-image-40761\" srcset=\"https:\/\/zonaroja.com.mx\/wp-content\/uploads\/2022\/05\/madre-ninos-Chicapa-de-Castro.jpg 960w, https:\/\/zonaroja.com.mx\/wp-content\/uploads\/2022\/05\/madre-ninos-Chicapa-de-Castro-300x197.jpg 300w, https:\/\/zonaroja.com.mx\/wp-content\/uploads\/2022\/05\/madre-ninos-Chicapa-de-Castro-768x503.jpg 768w, https:\/\/zonaroja.com.mx\/wp-content\/uploads\/2022\/05\/madre-ninos-Chicapa-de-Castro-585x383.jpg 585w\" sizes=\"(max-width: 960px) 100vw, 960px\" \/><\/a><\/figure>\n","protected":false},"excerpt":{"rendered":"<p>Redacci\u00f3n\/Zona Roja. Oaxaca de Ju\u00e1rez, Oax., 4 de mayo de 2022.- Los cuatro menores de&hellip;<\/p>\n","protected":false},"author":2,"featured_media":40762,"comment_status":"closed","ping_status":"open","sticky":false,"template":"","format":"standard","meta":{"_lmt_disableupdate":"","_lmt_disable":"","_jetpack_memberships_contains_paid_content":false,"footnotes":""},"categories":[109,47],"tags":[3124],"class_list":["post-40764","post","type-post","status-publish","format-standard","has-post-thumbnail","hentry","category-minuto-a-minuto","category-zona-gris","tag-chicapa-de-castro"],"jetpack_featured_media_url":"https:\/\/zonaroja.com.mx\/wp-content\/uploads\/2022\/05\/Menores-asesinados-Chicapa-de-Castro.jpg","jetpack_sharing_enabled":true,"_links":{"self":[{"href":"https:\/\/zonaroja.com.mx\/index.php?rest_route=\/wp\/v2\/posts\/40764","targetHints":{"allow":["GET"]}}],"collection":[{"href":"https:\/\/zonaroja.com.mx\/index.php?rest_route=\/wp\/v2\/posts"}],"about":[{"href":"https:\/\/zonaroja.com.mx\/index.php?rest_route=\/wp\/v2\/types\/post"}],"author":[{"embeddable":true,"href":"https:\/\/zonaroja.com.mx\/index.php?rest_route=\/wp\/v2\/users\/2"}],"replies":[{"embeddable":true,"href":"https:\/\/zonaroja.com.mx\/index.php?rest_route=%2Fwp%2Fv2%2Fcomments&post=40764"}],"version-history":[{"count":2,"href":"https:\/\/zonaroja.com.mx\/index.php?rest_route=\/wp\/v2\/posts\/40764\/revisions"}],"predecessor-version":[{"id":40781,"href":"https:\/\/zonaroja.com.mx\/index.php?rest_route=\/wp\/v2\/posts\/40764\/revisions\/40781"}],"wp:featuredmedia":[{"embeddable":true,"href":"https:\/\/zonaroja.com.mx\/index.php?rest_route=\/wp\/v2\/media\/40762"}],"wp:attachment":[{"href":"https:\/\/zonaroja.com.mx\/index.php?rest_route=%2Fwp%2Fv2%2Fmedia&parent=40764"}],"wp:term":[{"taxonomy":"category","embeddable":true,"href":"https:\/\/zonaroja.com.mx\/index.php?rest_route=%2Fwp%2Fv2%2Fcategories&post=40764"},{"taxonomy":"post_tag","embeddable":true,"href":"https:\/\/zonaroja.com.mx\/index.php?rest_route=%2Fwp%2Fv2%2Ftags&post=40764"}],"curies":[{"name":"wp","href":"https:\/\/api.w.org\/{rel}","templated":true}]}}