{"id":40766,"date":"2022-05-04T07:54:34","date_gmt":"2022-05-04T12:54:34","guid":{"rendered":"http:\/\/www.zonaroja.com.mx\/?p=40766"},"modified":"2022-05-04T07:54:36","modified_gmt":"2022-05-04T12:54:36","slug":"inician-vacunacion-contra-el-covid-para-menores-de-12-a-17-anos","status":"publish","type":"post","link":"https:\/\/zonaroja.com.mx\/?p=40766","title":{"rendered":"Inician vacunaci\u00f3n contra el Covid para menores de 12 a 17 a\u00f1os"},"content":{"rendered":"\n<p>Redacci\u00f3n\/Zona Roja.<\/p>\n\n\n\n<p>Oaxaca de Ju\u00e1rez, Oax. 4 de mayo de 2022.-Este 4 y 5 de mayo se lleva a cabo la vacunaci\u00f3n de primeras dosis para menores de 12 a 17 a\u00f1os, quienes ser\u00e1n inmunizados con el biol\u00f3gico de la farmac\u00e9utica Pfizer-BioNTech, informaron los Servicios de Salud de Oaxaca (SSO).<\/p>\n\n\n\n<p>La dependencia indic\u00f3 que esta estrategia se llevar\u00e1 a cabo en el macropunto de vacunaci\u00f3n de la vig\u00e9sima octava Zona Militar de Ixcotel en un horario de 09:00 a 18:00 horas. Tambi\u00e9n se aplicar\u00e1 el inmunol\u00f3gico AstraZeneca a personas mayores de 18 a\u00f1os, primeras y segundas dosis, adem\u00e1s de refuerzos.<\/p>\n\n\n\n<p>La dependencia precis\u00f3 que las personas interesadas deber\u00e1n llevar la hoja de registro del portal: https:\/\/mivacuna.salud.gob.mx, y copia de la Clave \u00danica de Registro de Poblaci\u00f3n (CURP).<\/p>\n\n\n\n<p>Respecto al avance de la pandemia precis\u00f3 que, al corte de este 3 de mayo, la entidad alcanz\u00f3 los 119 mil 966 casos positivos de COVID-19, de esta cifra 25 son reportes nuevos, la cifra de defunciones se mantiene en 6 mil 197, al no notificarse muertes en las \u00faltimas 24 horas.<\/p>\n\n\n\n<figure class=\"wp-block-embed is-type-rich is-provider-twitter wp-block-embed-twitter\"><div class=\"wp-block-embed__wrapper\">\n<div class=\"twitter-tweet\"><blockquote class=\"twitter-tweet\" data-lang=\"es\"><p lang=\"es\" dir=\"ltr\"><a href=\"https:\/\/twitter.com\/hashtag\/%C3%9AltimoMinuto?src=hash&amp;ref_src=twsrc%5Etfw\">#\u00daltimoMinuto<\/a><br>Los Servicios de Salud de <a href=\"https:\/\/twitter.com\/hashtag\/Oaxaca?src=hash&amp;ref_src=twsrc%5Etfw\">#Oaxaca<\/a> reportaron este martes 25 contagios, 0 defunciones y 151 casos activos de Covid en la entidad.<br>A la fecha suman 119 mil 966 casos confirmados y 6 mil 197 decesos.<br>Hay 3 nosocomios saturados; ocupaci\u00f3n hospitalaria es de 7.7%. <a href=\"https:\/\/t.co\/Xn9ZIuyNFM\">pic.twitter.com\/Xn9ZIuyNFM<\/a><\/p>&mdash; Zona Roja Oaxaca (@ZonaRoja_Oaxaca) <a href=\"https:\/\/twitter.com\/ZonaRoja_Oaxaca\/status\/1521688038413324289?ref_src=twsrc%5Etfw\">4 de mayo de 2022<\/a><\/blockquote><\/div>\n<\/div><\/figure>\n\n\n\n<p>En cuanto a la pandemia activa, se cuantific\u00f3 en esta jornada 151 personas que cursan con la enfermedad en etapa de contagio en 27 municipios, del total de casos, 89 pertenecen a Tuxtepec, 33 a Valles Centrales, 23 al Istmo, tres a la Costa, dos a la Mixteca y uno a la Sierra.<\/p>\n\n\n\n<p>La red m\u00e9dica se ubica en el 92.3% de disponibilidad de camas, hay tres hospitales con una ocupaci\u00f3n del 100%, no hay reporte de hospitalizaciones nuevas en esta jornada.<\/p>\n\n\n\n<p>Se identificaron 10 municipios con casos nuevos, siete en Valles Centrales, uno en el Istmo, 15 en Tuxtepec y dos en la Costa. De las localidades con m\u00e1s positivos en las \u00faltimas 24 horas, en primer lugar se ubica San Juan Bautista Tuxtepec con 12, Loma Bonita con tres e igual n\u00famero Oaxaca de Ju\u00e1rez, el resto un caso.<\/p>\n\n\n\n<p>La dependencia se\u00f1al\u00f3 la importancia de que todas y todos los oaxaque\u00f1os est\u00e9n vacunados contra la enfermedad viral, por lo que exhort\u00f3 a que acudan a aplicarse la dosis correspondiente a los puntos activos de vacunaci\u00f3n o al Centro de Salud m\u00e1s cercano en las seis Jurisdicciones Sanitarias, a fin de lograr que nadie m\u00e1s fallezca a causa del coronavirus.<\/p>\n\n\n\n<p>Tambi\u00e9n precis\u00f3 la importancia que al acudir a recibir el inmunol\u00f3gico las personas deber\u00e1n aplicar la sana distancia y el uso correcto del cubrebocas.<\/p>\n","protected":false},"excerpt":{"rendered":"<p>Redacci\u00f3n\/Zona Roja. Oaxaca de Ju\u00e1rez, Oax. 4 de mayo de 2022.-Este 4 y 5 de&hellip;<\/p>\n","protected":false},"author":2,"featured_media":40767,"comment_status":"closed","ping_status":"open","sticky":false,"template":"","format":"standard","meta":{"_lmt_disableupdate":"","_lmt_disable":"","_jetpack_memberships_contains_paid_content":false,"footnotes":""},"categories":[109,46],"tags":[1512],"class_list":["post-40766","post","type-post","status-publish","format-standard","has-post-thumbnail","hentry","category-minuto-a-minuto","category-zona-blanca","tag-coronavirus-oaxaca"],"jetpack_featured_media_url":"https:\/\/zonaroja.com.mx\/wp-content\/uploads\/2022\/05\/Vacunacion-menores-Oaxaca.jpg","jetpack_sharing_enabled":true,"_links":{"self":[{"href":"https:\/\/zonaroja.com.mx\/index.php?rest_route=\/wp\/v2\/posts\/40766","targetHints":{"allow":["GET"]}}],"collection":[{"href":"https:\/\/zonaroja.com.mx\/index.php?rest_route=\/wp\/v2\/posts"}],"about":[{"href":"https:\/\/zonaroja.com.mx\/index.php?rest_route=\/wp\/v2\/types\/post"}],"author":[{"embeddable":true,"href":"https:\/\/zonaroja.com.mx\/index.php?rest_route=\/wp\/v2\/users\/2"}],"replies":[{"embeddable":true,"href":"https:\/\/zonaroja.com.mx\/index.php?rest_route=%2Fwp%2Fv2%2Fcomments&post=40766"}],"version-history":[{"count":1,"href":"https:\/\/zonaroja.com.mx\/index.php?rest_route=\/wp\/v2\/posts\/40766\/revisions"}],"predecessor-version":[{"id":40768,"href":"https:\/\/zonaroja.com.mx\/index.php?rest_route=\/wp\/v2\/posts\/40766\/revisions\/40768"}],"wp:featuredmedia":[{"embeddable":true,"href":"https:\/\/zonaroja.com.mx\/index.php?rest_route=\/wp\/v2\/media\/40767"}],"wp:attachment":[{"href":"https:\/\/zonaroja.com.mx\/index.php?rest_route=%2Fwp%2Fv2%2Fmedia&parent=40766"}],"wp:term":[{"taxonomy":"category","embeddable":true,"href":"https:\/\/zonaroja.com.mx\/index.php?rest_route=%2Fwp%2Fv2%2Fcategories&post=40766"},{"taxonomy":"post_tag","embeddable":true,"href":"https:\/\/zonaroja.com.mx\/index.php?rest_route=%2Fwp%2Fv2%2Ftags&post=40766"}],"curies":[{"name":"wp","href":"https:\/\/api.w.org\/{rel}","templated":true}]}}