{"id":40769,"date":"2022-05-04T09:57:00","date_gmt":"2022-05-04T14:57:00","guid":{"rendered":"http:\/\/www.zonaroja.com.mx\/?p=40769"},"modified":"2022-05-04T08:02:16","modified_gmt":"2022-05-04T13:02:16","slug":"garantizados-derechos-de-personas-con-discapacidad-triple-a","status":"publish","type":"post","link":"https:\/\/zonaroja.com.mx\/?p=40769","title":{"rendered":"Garantizados, derechos de personas con discapacidad: \u201cTriple A\u201d"},"content":{"rendered":"\n<p>Redacci\u00f3n\/Zona Roja.&nbsp;<\/p>\n\n\n\n<p>Oaxaca de Ju\u00e1rez, Oax., 4 de mayo de 2022.- Ante la fuerza y apoyo multitudinario de los pueblos de los Valles Centrales, el candidato com\u00fan del PRI-PRD a la gubernatura, Alejandro Avil\u00e9s \u00c1lvarez, garantiz\u00f3 la atenci\u00f3n prioritaria de los grupos vulnerables durante su mandato, con la creaci\u00f3n del Instituto Estatal para Personas con Discapacidad, que entre sus objetivos se encuentra fomentar su participaci\u00f3n permanente y de igualdad, en la toma de decisiones e implementaci\u00f3n de las pol\u00edticas p\u00fablicas.<\/p>\n\n\n\n<p>\u201cCon esta medida, se contribuir\u00e1 en la construcci\u00f3n de un estado equitativo e incluyente, en el que se tomen en cuenta las necesidades de las personas con discapacidad, porque merecen que sus derechos y necesidades sean atendidos con responsabilidad y compromiso\u201d, argument\u00f3 en Zimatl\u00e1n de \u00c1lvarez.<\/p>\n\n\n\n<p>En materia de salud, el \u201cTriple A\u201d consider\u00f3 como medida urgente que los grupos vulnerables que no tienen la posibilidad de trasladarse, tendr\u00e1n que recibir atenci\u00f3n m\u00e9dica gratuita en la puerta de su casa, sin importar la regi\u00f3n en que se encuentren, los m\u00e9dicos y enfermeras acudir\u00e1n hasta su domicilio.<\/p>\n\n\n\n<p>\u201cSe establecer\u00e1n mecanismos de exigibilidad para garantizar vacantes laborales en la administraci\u00f3n p\u00fablica, para ser destinadas a la contrataci\u00f3n de personas con discapacidad\u201d, remarc\u00f3 en su mensaje.\u00a0<\/p>\n\n\n\n<figure class=\"wp-block-embed is-type-rich is-provider-twitter wp-block-embed-twitter\"><div class=\"wp-block-embed__wrapper\">\n<div class=\"twitter-tweet\"><blockquote class=\"twitter-tweet\" data-lang=\"es\"><p lang=\"es\" dir=\"ltr\"><a href=\"https:\/\/twitter.com\/hashtag\/EleccionesOaxaca2022?src=hash&amp;ref_src=twsrc%5Etfw\">#EleccionesOaxaca2022<\/a> <br>Adem\u00e1s de reuniones con sector productivo y organizaciones sociales, el candidato a gobernador <a href=\"https:\/\/twitter.com\/_AvilesAlvarez?ref_src=twsrc%5Etfw\">@_AvilesAlvarez<\/a> acudi\u00f3 ayer a Cuil\u00e1pam de Guerrero. \u201cNo hay duda: vamos a ganar porque somos el proyecto que garantiza certeza y seguridad a las familias\u201d, dijo. <a href=\"https:\/\/t.co\/rvMsPg1X0m\">pic.twitter.com\/rvMsPg1X0m<\/a><\/p>&mdash; Zona Roja Oaxaca (@ZonaRoja_Oaxaca) <a href=\"https:\/\/twitter.com\/ZonaRoja_Oaxaca\/status\/1521826780302163970?ref_src=twsrc%5Etfw\">4 de mayo de 2022<\/a><\/blockquote><\/div>\n<\/div><\/figure>\n\n\n\n<p>Como parte de las propuestas educativas, Alejandro Avil\u00e9s anunci\u00f3 que las y los j\u00f3venes con discapacidad que cursan diferentes estudios, recibir\u00e1n materiales y ayuda t\u00e9cnica que apoyen su rendimiento acad\u00e9mico; aunado a ello, se equipar\u00e1n los planteles y centros educativos con libros braille, de apoyos a int\u00e9rpretes de lenguas y se\u00f1as mexicanas que mejoren su participaci\u00f3n.&nbsp;<\/p>\n\n\n\n<p>En tanto, en los municipios de la Villa de Etla y Cuil\u00e1pam de Guerrero, el \u201cTriple A\u201d asever\u00f3 que establecer\u00e1 un gabinete paritario, donde tendr\u00e1n participaci\u00f3n el 50 por ciento mujeres y el 50 por ciento hombres, para garantizar el ejercicio del servicio p\u00fablico con igualdad de g\u00e9nero.&nbsp;<\/p>\n\n\n\n<p>\u201cEn toda la estructura gubernamental se contratar\u00e1n mujeres y hombres por igual, pero promoveremos que m\u00e1s mujeres se incorporen a las dependencias de procuraci\u00f3n de justicia para que garanticen una atenci\u00f3n digna para todos\u201d, indic\u00f3.<\/p>\n\n\n\n<p>Durante la jornada de campa\u00f1a en los Valles Centrales, Alejandro Avil\u00e9s sostuvo encuentros de respaldo a su proyecto de gobierno, con integrantes del sector empresarial y miembros de organizaciones sociales, donde se establecieron los mecanismos para consolidar una agenda integral de trabajo en beneficio de toda la sociedad oaxaque\u00f1a.<\/p>\n","protected":false},"excerpt":{"rendered":"<p>Redacci\u00f3n\/Zona Roja.&nbsp; Oaxaca de Ju\u00e1rez, Oax., 4 de mayo de 2022.- Ante la fuerza y&hellip;<\/p>\n","protected":false},"author":2,"featured_media":40760,"comment_status":"closed","ping_status":"open","sticky":false,"template":"","format":"standard","meta":{"_lmt_disableupdate":"","_lmt_disable":"","_jetpack_memberships_contains_paid_content":false,"footnotes":""},"categories":[109,46],"tags":[316,2879],"class_list":["post-40769","post","type-post","status-publish","format-standard","has-post-thumbnail","hentry","category-minuto-a-minuto","category-zona-blanca","tag-alejandro-aviles-alvarez","tag-elecciones-oaxaca-2022"],"jetpack_featured_media_url":"https:\/\/zonaroja.com.mx\/wp-content\/uploads\/2022\/05\/Alejandro-Aviles-gira-Valles.jpg","jetpack_sharing_enabled":true,"_links":{"self":[{"href":"https:\/\/zonaroja.com.mx\/index.php?rest_route=\/wp\/v2\/posts\/40769","targetHints":{"allow":["GET"]}}],"collection":[{"href":"https:\/\/zonaroja.com.mx\/index.php?rest_route=\/wp\/v2\/posts"}],"about":[{"href":"https:\/\/zonaroja.com.mx\/index.php?rest_route=\/wp\/v2\/types\/post"}],"author":[{"embeddable":true,"href":"https:\/\/zonaroja.com.mx\/index.php?rest_route=\/wp\/v2\/users\/2"}],"replies":[{"embeddable":true,"href":"https:\/\/zonaroja.com.mx\/index.php?rest_route=%2Fwp%2Fv2%2Fcomments&post=40769"}],"version-history":[{"count":1,"href":"https:\/\/zonaroja.com.mx\/index.php?rest_route=\/wp\/v2\/posts\/40769\/revisions"}],"predecessor-version":[{"id":40770,"href":"https:\/\/zonaroja.com.mx\/index.php?rest_route=\/wp\/v2\/posts\/40769\/revisions\/40770"}],"wp:featuredmedia":[{"embeddable":true,"href":"https:\/\/zonaroja.com.mx\/index.php?rest_route=\/wp\/v2\/media\/40760"}],"wp:attachment":[{"href":"https:\/\/zonaroja.com.mx\/index.php?rest_route=%2Fwp%2Fv2%2Fmedia&parent=40769"}],"wp:term":[{"taxonomy":"category","embeddable":true,"href":"https:\/\/zonaroja.com.mx\/index.php?rest_route=%2Fwp%2Fv2%2Fcategories&post=40769"},{"taxonomy":"post_tag","embeddable":true,"href":"https:\/\/zonaroja.com.mx\/index.php?rest_route=%2Fwp%2Fv2%2Ftags&post=40769"}],"curies":[{"name":"wp","href":"https:\/\/api.w.org\/{rel}","templated":true}]}}