{"id":4077,"date":"2019-09-18T07:27:40","date_gmt":"2019-09-18T12:27:40","guid":{"rendered":"http:\/\/www.zonaroja.com.mx\/?p=4077"},"modified":"2019-09-18T07:27:43","modified_gmt":"2019-09-18T12:27:43","slug":"se-quejan-rectores-de-universidades-del-pais-por-recortes-presupuestales","status":"publish","type":"post","link":"https:\/\/zonaroja.com.mx\/?p=4077","title":{"rendered":"Se quejan rectores de universidades del pa\u00eds por recortes presupuestales"},"content":{"rendered":"\n<p>Redacci\u00f3n\/Zona\nRoja Cdmx.<\/p>\n\n\n\n<p>Ciudad de\nM\u00e9xico, 18 de septiembre de 2019.- Los rectores de las universidades Aut\u00f3noma \u201cBenito\nJu\u00e1rez\u201d, de Oaxaca; Michoacana de San Nicol\u00e1s, de Hidalgo, y de Tlaxcala,\nexpresaron su preocupaci\u00f3n por el recorte presupuestal a esas instituciones,\nprevisto en el Proyecto de Presupuesto de Egresos de la Federaci\u00f3n 2020,\npublic\u00f3 el diario \u201cMilenio\u201d. <\/p>\n\n\n\n<p>\u00abLo\nvemos con mucha preocupaci\u00f3n, porque a\u00fan cuando tenemos un d\u00e9ficit que no hemos\nlogrado subsanar, la reducci\u00f3n que se anticipa en el paquete econ\u00f3mico, implica\nuna mayor limitaci\u00f3n\u00bb, se\u00f1al\u00f3 Eduardo Carlos Bautista, rector de la\nUniversidad Aut\u00f3noma \u201cBenito Ju\u00e1rez\u201d de Oaxaca. <\/p>\n\n\n\n<p>Al acudir al\nColegio de M\u00e9xico para la formalizaci\u00f3n de un convenio de adhesi\u00f3n a la\nComunidad del Programa Interdisciplinario de Rendici\u00f3n de Cuentas del CIDE,\nse\u00f1al\u00f3 tambi\u00e9n que es una oportunidad \u00abpara demostrar y corresponder con\nel Presidente, cuando dice que no s\u00f3lo se trata de pedir, sino tambi\u00e9n\ndemostrar que hay ejercicio de saneamiento. <\/p>\n\n\n\n<p>\u00abEstamos\ncumpliendo con una pol\u00edtica de austeridad, que estamos trabajando en el ahorro\nde gastos suntuarios y eso lo podemos demostrar con datos duros y\nevidencias\u00bb. Por su parte, el rector de la Universidad Michoacana, Ra\u00fal\nC\u00e1rdenas Navarro, record\u00f3 que esa instituci\u00f3n est\u00e1 entre las nueve\nuniversidades p\u00fablicas estatales que el a\u00f1o pasado recibieron recursos extra\npara poder enfrentar su crisis, por lo que otro recorte las pone en un riesgo\nmayor.<\/p>\n\n\n\n<p>\u00abLa\nUniversidad Michoacana, por el d\u00e9ficit que estamos arrastrando, estamos entre\nlas 9 universidades p\u00fablicas que el a\u00f1o pasado recibimos un presupuesto\nextraordinario que nos permiti\u00f3 terminar el ejercicio fiscal 2018 y que ya\narrastramos ese d\u00e9ficit y con el anuncio del recorte estamos en situaci\u00f3n m\u00e1s\ncompleja\u00bb, apunt\u00f3.<\/p>\n","protected":false},"excerpt":{"rendered":"<p>Redacci\u00f3n\/Zona Roja Cdmx. Ciudad de M\u00e9xico, 18 de septiembre de 2019.- Los rectores de las&hellip;<\/p>\n","protected":false},"author":2,"featured_media":4078,"comment_status":"closed","ping_status":"open","sticky":false,"template":"","format":"standard","meta":{"_lmt_disableupdate":"","_lmt_disable":"","_jetpack_memberships_contains_paid_content":false,"footnotes":""},"categories":[109,47],"tags":[360,282],"class_list":["post-4077","post","type-post","status-publish","format-standard","has-post-thumbnail","hentry","category-minuto-a-minuto","category-zona-gris","tag-rector-eduardo-bautista-martinez","tag-universidad-autonoma-benito-juarez-de-oaxaca"],"jetpack_featured_media_url":"https:\/\/zonaroja.com.mx\/wp-content\/uploads\/2019\/09\/acaac1b3-77d2-4d6b-9531-b0c3b93f752f.jpg","jetpack_sharing_enabled":true,"_links":{"self":[{"href":"https:\/\/zonaroja.com.mx\/index.php?rest_route=\/wp\/v2\/posts\/4077","targetHints":{"allow":["GET"]}}],"collection":[{"href":"https:\/\/zonaroja.com.mx\/index.php?rest_route=\/wp\/v2\/posts"}],"about":[{"href":"https:\/\/zonaroja.com.mx\/index.php?rest_route=\/wp\/v2\/types\/post"}],"author":[{"embeddable":true,"href":"https:\/\/zonaroja.com.mx\/index.php?rest_route=\/wp\/v2\/users\/2"}],"replies":[{"embeddable":true,"href":"https:\/\/zonaroja.com.mx\/index.php?rest_route=%2Fwp%2Fv2%2Fcomments&post=4077"}],"version-history":[{"count":1,"href":"https:\/\/zonaroja.com.mx\/index.php?rest_route=\/wp\/v2\/posts\/4077\/revisions"}],"predecessor-version":[{"id":4079,"href":"https:\/\/zonaroja.com.mx\/index.php?rest_route=\/wp\/v2\/posts\/4077\/revisions\/4079"}],"wp:featuredmedia":[{"embeddable":true,"href":"https:\/\/zonaroja.com.mx\/index.php?rest_route=\/wp\/v2\/media\/4078"}],"wp:attachment":[{"href":"https:\/\/zonaroja.com.mx\/index.php?rest_route=%2Fwp%2Fv2%2Fmedia&parent=4077"}],"wp:term":[{"taxonomy":"category","embeddable":true,"href":"https:\/\/zonaroja.com.mx\/index.php?rest_route=%2Fwp%2Fv2%2Fcategories&post=4077"},{"taxonomy":"post_tag","embeddable":true,"href":"https:\/\/zonaroja.com.mx\/index.php?rest_route=%2Fwp%2Fv2%2Ftags&post=4077"}],"curies":[{"name":"wp","href":"https:\/\/api.w.org\/{rel}","templated":true}]}}