{"id":40774,"date":"2022-05-04T11:19:00","date_gmt":"2022-05-04T16:19:00","guid":{"rendered":"http:\/\/www.zonaroja.com.mx\/?p=40774"},"modified":"2022-05-04T08:21:34","modified_gmt":"2022-05-04T13:21:34","slug":"inicia-el-15-de-mayo-temporada-de-huracanes-oaxaca-en-alto-riesgo","status":"publish","type":"post","link":"https:\/\/zonaroja.com.mx\/?p=40774","title":{"rendered":"Inicia el 15 de mayo temporada de huracanes; Oaxaca, en alto riesgo"},"content":{"rendered":"\n<p>Redacci\u00f3n\/Zona Roja Cdmx.<\/p>\n\n\n\n<p>Ciudad de M\u00e9xico, 4 de mayo de 2022.- La temporada de huracanes 2022 en la zona del Oc\u00e9ano Pacifico est\u00e1 a menos de dos semanas de iniciar, de acuerdo con las proyecciones meteorol\u00f3gicas que se tienen en el pa\u00eds.<\/p>\n\n\n\n<p>Se prev\u00e9 que la temporada de este a\u00f1o inicie el d\u00eda 15 de mayo&nbsp; y finalice hasta el 30 de noviembre en la regi\u00f3n del Pac\u00edfico oriental.<\/p>\n\n\n\n<p>Adem\u00e1s, en los meses de septiembre y octubre habr\u00eda m\u00e1s probabilidades de que se formen huracanes en las costas mexicanas.<\/p>\n\n\n\n<p>Los expertos esperan que la temporada de huracanes de este a\u00f1o sea activa, debido al fen\u00f3meno natural de \u2018La Ni\u00f1a\u2019, que podr\u00eda reducir los cambios en la direcci\u00f3n y fuerza de los vientos, con lo que el periodo se extender\u00eda m\u00e1s tiempo.<\/p>\n\n\n\n<p>Se espera que los estados ubicados cerca del Golfo de M\u00e9xico, el Oc\u00e9ano Pacifico y el Mar Caribe, sean los m\u00e1s propensos a experimentar este tipo de fen\u00f3menos.<\/p>\n\n\n\n<p>Las entidades que corren mayor riesgo son Baja California Sur, Sinaloa, Oaxaca, Guerrero, Michoac\u00e1n, Jalisco, Veracruz y Tamaulipas.<\/p>\n\n\n\n<p>La temporada de huracanes en el Atl\u00e1ntico comenzar\u00e1 el primero de junio y las condiciones apuntan a que habr\u00eda entre 16 y 20 tormentas con nombre, siendo la primera de estas \u2018Alex\u2019.<\/p>\n\n\n\n<p>Tambi\u00e9n se espera la formaci\u00f3n de seis a ocho huracanes con vientos de m\u00e1s de 119 kil\u00f3metros por hora, de los cuales entre tres y cinco alcanzar\u00edan el estado de hurac\u00e1n mayor, con vientos superiores a 178 kil\u00f3metros por hora.<\/p>\n\n\n\n<p>Expertos aseguran que \u2018Alex\u2019 ser\u00e1 la tormenta tropical que abra la temporada, que podr\u00eda comenzar antes de la fecha pronosticada y ser m\u00e1s activa de los habitual.<\/p>\n\n\n\n<p>(Informaci\u00f3n de \u201cExc\u00e9lsior\u201d)<\/p>\n","protected":false},"excerpt":{"rendered":"<p>Redacci\u00f3n\/Zona Roja Cdmx. Ciudad de M\u00e9xico, 4 de mayo de 2022.- La temporada de huracanes&hellip;<\/p>\n","protected":false},"author":2,"featured_media":12427,"comment_status":"closed","ping_status":"open","sticky":false,"template":"","format":"standard","meta":{"_lmt_disableupdate":"","_lmt_disable":"","_jetpack_memberships_contains_paid_content":false,"footnotes":""},"categories":[109,47],"tags":[],"class_list":["post-40774","post","type-post","status-publish","format-standard","has-post-thumbnail","hentry","category-minuto-a-minuto","category-zona-gris"],"jetpack_featured_media_url":"https:\/\/zonaroja.com.mx\/wp-content\/uploads\/2020\/05\/Ciclones-y-huracanes.jpeg","jetpack_sharing_enabled":true,"_links":{"self":[{"href":"https:\/\/zonaroja.com.mx\/index.php?rest_route=\/wp\/v2\/posts\/40774","targetHints":{"allow":["GET"]}}],"collection":[{"href":"https:\/\/zonaroja.com.mx\/index.php?rest_route=\/wp\/v2\/posts"}],"about":[{"href":"https:\/\/zonaroja.com.mx\/index.php?rest_route=\/wp\/v2\/types\/post"}],"author":[{"embeddable":true,"href":"https:\/\/zonaroja.com.mx\/index.php?rest_route=\/wp\/v2\/users\/2"}],"replies":[{"embeddable":true,"href":"https:\/\/zonaroja.com.mx\/index.php?rest_route=%2Fwp%2Fv2%2Fcomments&post=40774"}],"version-history":[{"count":1,"href":"https:\/\/zonaroja.com.mx\/index.php?rest_route=\/wp\/v2\/posts\/40774\/revisions"}],"predecessor-version":[{"id":40775,"href":"https:\/\/zonaroja.com.mx\/index.php?rest_route=\/wp\/v2\/posts\/40774\/revisions\/40775"}],"wp:featuredmedia":[{"embeddable":true,"href":"https:\/\/zonaroja.com.mx\/index.php?rest_route=\/wp\/v2\/media\/12427"}],"wp:attachment":[{"href":"https:\/\/zonaroja.com.mx\/index.php?rest_route=%2Fwp%2Fv2%2Fmedia&parent=40774"}],"wp:term":[{"taxonomy":"category","embeddable":true,"href":"https:\/\/zonaroja.com.mx\/index.php?rest_route=%2Fwp%2Fv2%2Fcategories&post=40774"},{"taxonomy":"post_tag","embeddable":true,"href":"https:\/\/zonaroja.com.mx\/index.php?rest_route=%2Fwp%2Fv2%2Ftags&post=40774"}],"curies":[{"name":"wp","href":"https:\/\/api.w.org\/{rel}","templated":true}]}}