{"id":40776,"date":"2022-05-04T08:31:18","date_gmt":"2022-05-04T13:31:18","guid":{"rendered":"http:\/\/www.zonaroja.com.mx\/?p=40776"},"modified":"2022-05-04T08:31:19","modified_gmt":"2022-05-04T13:31:19","slug":"a-oaxaca-le-urge-un-gobierno-que-restablezca-la-paz-y-la-confianza-jara","status":"publish","type":"post","link":"https:\/\/zonaroja.com.mx\/?p=40776","title":{"rendered":"A Oaxaca le urge un gobierno que restablezca la paz y la confianza: Jara"},"content":{"rendered":"\n<p>Redacci\u00f3n\/Zona Roja,<\/p>\n\n\n\n<p>Oaxaca de Ju\u00e1rez, Oax., 4 de mayo de 2022.- El candidato de la coalici\u00f3n \u00abJuntos Haremos Historia\u00bb a la gubernatura de Oaxaca, Salom\u00f3n Jara Cruz urgi\u00f3 a restablecer la paz social y la confianza en las instituciones gubernamentales de la entidad.<\/p>\n\n\n\n<p>Durante su gira de trabajo este martes 3 de mayo, por cuatro municipios de la regi\u00f3n de la Costa, el senador con licencia, subray\u00f3 la urgencia de dignificar el quehacer de los cuerpos de seguridad p\u00fablica.<\/p>\n\n\n\n<p>Precis\u00f3 que para alcanzar ese objetivo se dotar\u00e1 de capacitaci\u00f3n, equipo y tecnolog\u00eda a los polic\u00edas oaxaque\u00f1os.<\/p>\n\n\n\n<p>Adem\u00e1s en forma paralela, dijo, se trabajar\u00e1 por renovar la funci\u00f3n p\u00fablica en su prop\u00f3sito de garantizar la atenci\u00f3n de las v\u00edctimas de delitos y respetando la autonom\u00eda de la Fiscal\u00eda General de Oaxaca.<\/p>\n\n\n\n<p>Jara Cruz realiz\u00f3 m\u00edtines en los municipios de Santa Mar\u00eda Colotepec, Santo Domingo de Morelos, Cosoltepec Tonameca y San Miguel del Puerto.<\/p>\n\n\n\n<figure class=\"wp-block-embed is-type-rich is-provider-twitter wp-block-embed-twitter\"><div class=\"wp-block-embed__wrapper\">\n<div class=\"twitter-tweet\"><blockquote class=\"twitter-tweet\" data-lang=\"es\"><p lang=\"es\" dir=\"ltr\"><a href=\"https:\/\/twitter.com\/hashtag\/EleccionesOaxaca2022?src=hash&amp;ref_src=twsrc%5Etfw\">#EleccionesOaxaca2022<\/a><br>\u201cVamos bien, vamos requetebi\u00e9n\u201d, dijo a su vez <a href=\"https:\/\/twitter.com\/salomonj?ref_src=twsrc%5Etfw\">@salomonj<\/a>, quien recorri\u00f3 ayer San Miguel del Puerto, San Francisco Cozoaltepec, Santo Domingo de Morelos y Santa Mar\u00eda Colotepec, entre otros pueblos. <a href=\"https:\/\/t.co\/6R3MJbkthK\">pic.twitter.com\/6R3MJbkthK<\/a><\/p>&mdash; Zona Roja Oaxaca (@ZonaRoja_Oaxaca) <a href=\"https:\/\/twitter.com\/ZonaRoja_Oaxaca\/status\/1521829275820871681?ref_src=twsrc%5Etfw\">4 de mayo de 2022<\/a><\/blockquote><\/div>\n<\/div><\/figure>\n","protected":false},"excerpt":{"rendered":"<p>Redacci\u00f3n\/Zona Roja, Oaxaca de Ju\u00e1rez, Oax., 4 de mayo de 2022.- El candidato de la&hellip;<\/p>\n","protected":false},"author":2,"featured_media":40763,"comment_status":"closed","ping_status":"open","sticky":false,"template":"","format":"standard","meta":{"_lmt_disableupdate":"","_lmt_disable":"","_jetpack_memberships_contains_paid_content":false,"footnotes":""},"categories":[109,46],"tags":[2879,939],"class_list":["post-40776","post","type-post","status-publish","format-standard","has-post-thumbnail","hentry","category-minuto-a-minuto","category-zona-blanca","tag-elecciones-oaxaca-2022","tag-salomon-jara-cruz"],"jetpack_featured_media_url":"https:\/\/zonaroja.com.mx\/wp-content\/uploads\/2022\/05\/Salomon-Jara-Costa.jpg","jetpack_sharing_enabled":true,"_links":{"self":[{"href":"https:\/\/zonaroja.com.mx\/index.php?rest_route=\/wp\/v2\/posts\/40776","targetHints":{"allow":["GET"]}}],"collection":[{"href":"https:\/\/zonaroja.com.mx\/index.php?rest_route=\/wp\/v2\/posts"}],"about":[{"href":"https:\/\/zonaroja.com.mx\/index.php?rest_route=\/wp\/v2\/types\/post"}],"author":[{"embeddable":true,"href":"https:\/\/zonaroja.com.mx\/index.php?rest_route=\/wp\/v2\/users\/2"}],"replies":[{"embeddable":true,"href":"https:\/\/zonaroja.com.mx\/index.php?rest_route=%2Fwp%2Fv2%2Fcomments&post=40776"}],"version-history":[{"count":1,"href":"https:\/\/zonaroja.com.mx\/index.php?rest_route=\/wp\/v2\/posts\/40776\/revisions"}],"predecessor-version":[{"id":40777,"href":"https:\/\/zonaroja.com.mx\/index.php?rest_route=\/wp\/v2\/posts\/40776\/revisions\/40777"}],"wp:featuredmedia":[{"embeddable":true,"href":"https:\/\/zonaroja.com.mx\/index.php?rest_route=\/wp\/v2\/media\/40763"}],"wp:attachment":[{"href":"https:\/\/zonaroja.com.mx\/index.php?rest_route=%2Fwp%2Fv2%2Fmedia&parent=40776"}],"wp:term":[{"taxonomy":"category","embeddable":true,"href":"https:\/\/zonaroja.com.mx\/index.php?rest_route=%2Fwp%2Fv2%2Fcategories&post=40776"},{"taxonomy":"post_tag","embeddable":true,"href":"https:\/\/zonaroja.com.mx\/index.php?rest_route=%2Fwp%2Fv2%2Ftags&post=40776"}],"curies":[{"name":"wp","href":"https:\/\/api.w.org\/{rel}","templated":true}]}}