{"id":40787,"date":"2022-05-04T15:15:27","date_gmt":"2022-05-04T20:15:27","guid":{"rendered":"http:\/\/www.zonaroja.com.mx\/?p=40787"},"modified":"2022-05-04T15:15:28","modified_gmt":"2022-05-04T20:15:28","slug":"pese-a-rechazo-martinez-neri-insiste-en-instalar-basurero-en-barrio-siete-principes","status":"publish","type":"post","link":"https:\/\/zonaroja.com.mx\/?p=40787","title":{"rendered":"Pese a rechazo, Mart\u00ednez Neri insiste en instalar basurero en barrio Siete Pr\u00edncipes"},"content":{"rendered":"\n<p>Yuridiana Sosa\/Zona Roja.<\/p>\n\n\n\n<p>Oaxaca de Ju\u00e1rez, Oax., 4 de mayo de 2022.- Con lonas y carteles con la leyenda \u201cno al basurero, nos oponemos rotundamente\u201d, instalados en la v\u00eda p\u00fablica y en las fachadas de sus viviendas, vecinos de los barrios Siete Pr\u00edncipes y El Polvo, en capital de Oaxaca, mantienen su protesta en rechazo de la habilitaci\u00f3n de un tiradero-centro de transferencia de basura en esa zona, por parte del gobierno municipal.<\/p>\n\n\n\n<p>Los habitantes de al menos nueve calles que conforman dichos barrios de la ciudad, algunas parte del pol\u00edgono del Centro Hist\u00f3rico de Oaxaca, consideran que el dep\u00f3sito de desechos en un predio de la d\u00e9cima calle de Col\u00f3n se convertir\u00e1 en punto de infecci\u00f3n sanitaria y criadero de fauna nociva.<\/p>\n\n\n\n<p>\u201c\u00a1No al basurero!\u201d, \u201cNos oponemos rotundamente a que se establezca el centro de almacenamiento de carritos de basura en el predio ubicado en Col\u00f3n\u201d, \u201cNos oponemos al ambulantaje en nuestros parques y \u00e1reas verdes\u201d, se lee en los mensajes de protestas colocados desde ayer martes, ante el reciente anuncio del ayuntamiento de Oaxaca de Ju\u00e1rez sobre dicha acci\u00f3n.<\/p>\n\n\n\n<p>El plan es cambiar la sede del \u201ccentro de transfarencia\u201d, ahora ubicado en el barrio de Jalatlaco, en el que los barrenderos y recolectores de basura depositan parte de los desechos levantados en la ciudad, para despu\u00e9s ser trasladados por el cami\u00f3n recolector a su destino final, al basurero municipal.<\/p>\n\n\n\n<figure class=\"wp-block-embed is-type-rich is-provider-twitter wp-block-embed-twitter\"><div class=\"wp-block-embed__wrapper\">\n<div class=\"twitter-tweet\"><blockquote class=\"twitter-tweet\" data-lang=\"es\"><p lang=\"es\" dir=\"ltr\">Por segundo d\u00eda, contin\u00faa protesta de vecinos de barrios Siete Pr\u00edncipes y El Polvo de la ciudad de Oaxaca, en rechazo a instalaci\u00f3n de un tiradero-centro de transferencia de basura, en la d\u00e9cima calle de Col\u00f3n. <br>Edil <a href=\"https:\/\/twitter.com\/FMartinezNeri?ref_src=twsrc%5Etfw\">@FMartinezNeri<\/a> reconoce qu\u00e9 hay proyecto\u2026 pero no consensu\u00f3. <a href=\"https:\/\/t.co\/u3oK8ZcAbP\">pic.twitter.com\/u3oK8ZcAbP<\/a><\/p>&mdash; Zona Roja Oaxaca (@ZonaRoja_Oaxaca) <a href=\"https:\/\/twitter.com\/ZonaRoja_Oaxaca\/status\/1521900728654180356?ref_src=twsrc%5Etfw\">4 de mayo de 2022<\/a><\/blockquote><\/div>\n<\/div><\/figure>\n\n\n\n<p>Sin embargo, en el espacio de Jalatlaco se ha evidenciado en muchas ocasiones el criadero de fauna nociva como son ratas, ratones, cucarachas, moscas, entre otros animales, que tambi\u00e9n invaden viviendas de la zona, adem\u00e1s de los malos olores que se generan.<\/p>\n\n\n\n<p>Por su parte el presidente municipal, Francisco Mart\u00ednez Neri, confirm\u00f3 ayer la existencia de ese proyecto, del cual, \u201cNo habr\u00eda por qu\u00e9 pedir ning\u00fan permiso\u201d.<\/p>\n\n\n\n<p>En entrevista colectiva sobre la oposici\u00f3n de los vecinos, el edil minimiz\u00f3 la inconformidad y expres\u00f3 que \u201cest\u00e1 muy claro que no se causa ning\u00fan da\u00f1o a nadie, en ese sentido cumpliremos con tener limpio. No habr\u00eda por qu\u00e9 pedir ning\u00fan permiso, pero es necesario platicar\u201d.<\/p>\n\n\n\n<p>Mart\u00ednez Neri dijo que no es un basurero como lo creen los vecinos, a quienes se les explicar\u00e1 de qu\u00e9 trata, asegurando que ser\u00e1 una zona que tendr\u00e1 \u201cmucha limpieza\u201d, por lo que no habr\u00e1 ning\u00fan problema, e insistir\u00e1 para que se logre la apertura de ese espacio.<\/p>\n","protected":false},"excerpt":{"rendered":"<p>Yuridiana Sosa\/Zona Roja. Oaxaca de Ju\u00e1rez, Oax., 4 de mayo de 2022.- Con lonas y&hellip;<\/p>\n","protected":false},"author":2,"featured_media":40788,"comment_status":"closed","ping_status":"open","sticky":false,"template":"","format":"standard","meta":{"_lmt_disableupdate":"","_lmt_disable":"","_jetpack_memberships_contains_paid_content":false,"footnotes":""},"categories":[109,47],"tags":[2418],"class_list":["post-40787","post","type-post","status-publish","format-standard","has-post-thumbnail","hentry","category-minuto-a-minuto","category-zona-gris","tag-francisco-martinez-neri"],"jetpack_featured_media_url":"https:\/\/zonaroja.com.mx\/wp-content\/uploads\/2022\/05\/Protesta-por-tiradero-ciudad-de-Oaxaca.jpg","jetpack_sharing_enabled":true,"_links":{"self":[{"href":"https:\/\/zonaroja.com.mx\/index.php?rest_route=\/wp\/v2\/posts\/40787","targetHints":{"allow":["GET"]}}],"collection":[{"href":"https:\/\/zonaroja.com.mx\/index.php?rest_route=\/wp\/v2\/posts"}],"about":[{"href":"https:\/\/zonaroja.com.mx\/index.php?rest_route=\/wp\/v2\/types\/post"}],"author":[{"embeddable":true,"href":"https:\/\/zonaroja.com.mx\/index.php?rest_route=\/wp\/v2\/users\/2"}],"replies":[{"embeddable":true,"href":"https:\/\/zonaroja.com.mx\/index.php?rest_route=%2Fwp%2Fv2%2Fcomments&post=40787"}],"version-history":[{"count":1,"href":"https:\/\/zonaroja.com.mx\/index.php?rest_route=\/wp\/v2\/posts\/40787\/revisions"}],"predecessor-version":[{"id":40789,"href":"https:\/\/zonaroja.com.mx\/index.php?rest_route=\/wp\/v2\/posts\/40787\/revisions\/40789"}],"wp:featuredmedia":[{"embeddable":true,"href":"https:\/\/zonaroja.com.mx\/index.php?rest_route=\/wp\/v2\/media\/40788"}],"wp:attachment":[{"href":"https:\/\/zonaroja.com.mx\/index.php?rest_route=%2Fwp%2Fv2%2Fmedia&parent=40787"}],"wp:term":[{"taxonomy":"category","embeddable":true,"href":"https:\/\/zonaroja.com.mx\/index.php?rest_route=%2Fwp%2Fv2%2Fcategories&post=40787"},{"taxonomy":"post_tag","embeddable":true,"href":"https:\/\/zonaroja.com.mx\/index.php?rest_route=%2Fwp%2Fv2%2Ftags&post=40787"}],"curies":[{"name":"wp","href":"https:\/\/api.w.org\/{rel}","templated":true}]}}