{"id":40790,"date":"2022-05-04T15:22:15","date_gmt":"2022-05-04T20:22:15","guid":{"rendered":"http:\/\/www.zonaroja.com.mx\/?p=40790"},"modified":"2022-05-04T15:22:16","modified_gmt":"2022-05-04T20:22:16","slug":"inauguran-exposicion-registros-y-ficciones-de-gabriel-rendon","status":"publish","type":"post","link":"https:\/\/zonaroja.com.mx\/?p=40790","title":{"rendered":"Inauguran exposici\u00f3n \u201cRegistros y Ficciones\u201d, de Gabriel Rend\u00f3n"},"content":{"rendered":"\n<p>Redacci\u00f3n\/Territorio Score.<\/p>\n\n\n\n<p>Oaxaca de Ju\u00e1rez, Oax., 4 de mayo de 2022.- El pr\u00f3ximo viernes 6 de mayo, el fot\u00f3grafo Gabriel Rend\u00f3n inaugurar\u00e1 su exposici\u00f3n \u201cRegistros y Ficciones\u201d en Casa Enmolarte, el cual consta de una recopilaci\u00f3n de ensayos fotogr\u00e1ficos realizados en los \u00faltimos cuatro a\u00f1os.&nbsp;<\/p>\n\n\n\n<p>As\u00ed lo dio a conocer en conferencia de prensa, en la cual el artista detall\u00f3 sobre el programa de actividades que realizar\u00e1 en el marco de la apertura de la muestra fotogr\u00e1fica.&nbsp;<\/p>\n\n\n\n<p>En \u201cRegistros y Ficciones\u201d, el artista oaxaque\u00f1o crea un espacio propio, libre, aut\u00f3nomo; con desparpajo nos orilla a realizar un viaje a trav\u00e9s de sus im\u00e1genes. &nbsp;<\/p>\n\n\n\n<p>\u201cEn esta traves\u00eda el encuentro con pulsiones primarias determina la lucha interminable de la vida con la muerte y logra filtrarse en la fuerte curvatura de los cuerpos o en la delicadeza de un p\u00e9talo\u201d.&nbsp;<\/p>\n\n\n\n<p>Al respecto, indic\u00f3 que \u201cRegistros y Ficciones\u201d consta de una colecci\u00f3n de 39 fotograf\u00edas, impresas en papel EPSON. Enhaced Fotogr\u00e1fico, mate de 190 g algod\u00f3n, alfa celulosa e impreso a 11 tintas en Plotter y un videoarte.&nbsp;<\/p>\n\n\n\n<p>Gabriel Rend\u00f3n naci\u00f3 en Oaxaca de Ju\u00e1rez y es licenciado en Comunicaci\u00f3n egresado de la Universidad Panamericana. Estudi\u00f3 fotograf\u00eda en el Centro Fotogr\u00e1fico \u201cManuel \u00c1lvarez Bravo\u201d de Oaxaca y la Maestr\u00eda en Artes Visuales en la Facultad de Artes y Dise\u00f1o de la UNAM.&nbsp;<\/p>\n\n\n\n<p>Se ha desempe\u00f1ado como profesor de fotograf\u00eda en la Universidad Panamericana y en el Instituto de Estudios Superiores de Moda Casa de Francia. Su trabajo fotogr\u00e1fico tiene como principal motivo el retrato.&nbsp;<\/p>\n\n\n\n<p>Ha expuesto en la muestra \u201cDeclaraciones cuerpo\u00bbm organizada por el Centro de la Imagen (M\u00e9xico) y el Ministerio de las Artes, las Culturas y el Patrimonio de Chile.&nbsp;<\/p>\n\n\n\n<p>Tambi\u00e9n ha exhibido su obra en la muestra \u201cYo Soy\u201d, organizada por el Festival Internacional por la Diversidad Sexual, y particip\u00f3 en la tercera muestra de Dialogo Abierto: Retrato-Antirretrato, organizada por la Escuela Nacional de Pintura Escultura y Grabado \u00abLa Esmeralda\u00bb junto con la Facultad de Artes y Dise\u00f1o de la UNAM. &nbsp;<\/p>\n\n\n\n<p>Tuvo tambi\u00e9n una menci\u00f3n especial en el Concurso sobre Diversidad Sexual y J\u00f3venes de la&nbsp;Ciudad de M\u00e9xico en su edici\u00f3n 2018.&nbsp;<\/p>\n\n\n\n<p>EL DATO<\/p>\n\n\n\n<p>Exposici\u00f3n fotogr\u00e1fica de Gabriel Rend\u00f3n en Casa Enmolarte.&nbsp;<\/p>\n\n\n\n<p>Margarita&nbsp;Maza 117, esquina D\u00edaz Quintas, Centro, Oaxaca.&nbsp;<\/p>\n\n\n\n<p>Horario de visita: 11:00 a 19:00 giras. &nbsp;<\/p>\n\n\n\n<p>Entrada gratuita.&nbsp;<\/p>\n","protected":false},"excerpt":{"rendered":"<p>Redacci\u00f3n\/Territorio Score. Oaxaca de Ju\u00e1rez, Oax., 4 de mayo de 2022.- El pr\u00f3ximo viernes 6&hellip;<\/p>\n","protected":false},"author":2,"featured_media":40791,"comment_status":"closed","ping_status":"open","sticky":false,"template":"","format":"standard","meta":{"_lmt_disableupdate":"","_lmt_disable":"","_jetpack_memberships_contains_paid_content":false,"footnotes":""},"categories":[109,46],"tags":[3126],"class_list":["post-40790","post","type-post","status-publish","format-standard","has-post-thumbnail","hentry","category-minuto-a-minuto","category-zona-blanca","tag-gabriel-rendon"],"jetpack_featured_media_url":"https:\/\/zonaroja.com.mx\/wp-content\/uploads\/2022\/05\/Artista-plastico-.jpg","jetpack_sharing_enabled":true,"_links":{"self":[{"href":"https:\/\/zonaroja.com.mx\/index.php?rest_route=\/wp\/v2\/posts\/40790","targetHints":{"allow":["GET"]}}],"collection":[{"href":"https:\/\/zonaroja.com.mx\/index.php?rest_route=\/wp\/v2\/posts"}],"about":[{"href":"https:\/\/zonaroja.com.mx\/index.php?rest_route=\/wp\/v2\/types\/post"}],"author":[{"embeddable":true,"href":"https:\/\/zonaroja.com.mx\/index.php?rest_route=\/wp\/v2\/users\/2"}],"replies":[{"embeddable":true,"href":"https:\/\/zonaroja.com.mx\/index.php?rest_route=%2Fwp%2Fv2%2Fcomments&post=40790"}],"version-history":[{"count":1,"href":"https:\/\/zonaroja.com.mx\/index.php?rest_route=\/wp\/v2\/posts\/40790\/revisions"}],"predecessor-version":[{"id":40792,"href":"https:\/\/zonaroja.com.mx\/index.php?rest_route=\/wp\/v2\/posts\/40790\/revisions\/40792"}],"wp:featuredmedia":[{"embeddable":true,"href":"https:\/\/zonaroja.com.mx\/index.php?rest_route=\/wp\/v2\/media\/40791"}],"wp:attachment":[{"href":"https:\/\/zonaroja.com.mx\/index.php?rest_route=%2Fwp%2Fv2%2Fmedia&parent=40790"}],"wp:term":[{"taxonomy":"category","embeddable":true,"href":"https:\/\/zonaroja.com.mx\/index.php?rest_route=%2Fwp%2Fv2%2Fcategories&post=40790"},{"taxonomy":"post_tag","embeddable":true,"href":"https:\/\/zonaroja.com.mx\/index.php?rest_route=%2Fwp%2Fv2%2Ftags&post=40790"}],"curies":[{"name":"wp","href":"https:\/\/api.w.org\/{rel}","templated":true}]}}