{"id":40793,"date":"2022-05-04T15:25:42","date_gmt":"2022-05-04T20:25:42","guid":{"rendered":"http:\/\/www.zonaroja.com.mx\/?p=40793"},"modified":"2022-05-04T15:25:43","modified_gmt":"2022-05-04T20:25:43","slug":"deja-pandemia-en-oaxaca-2489-menores-contagiados-y-46-decesos","status":"publish","type":"post","link":"https:\/\/zonaroja.com.mx\/?p=40793","title":{"rendered":"Deja pandemia en Oaxaca 2,489 menores contagiados y 46 decesos"},"content":{"rendered":"\n<p>Yuridiana Sosa\/Zona Roja.<\/p>\n\n\n\n<p>Oaxaca de Ju\u00e1rez, Oax., 04 de mayo de 2022.- En el transcurso de m\u00e1s de dos a\u00f1os de pandemia por Covid-19, en Oaxaca 46 menores de edad, de cero a 17 a\u00f1os, han fallecido a consecuencia de este virus, mientras que dos mil 489 han contra\u00eddo la enfermedad, inform\u00f3 la Sistema Nacional de Protecci\u00f3n de Ni\u00f1as, Ni\u00f1os y Adolescentes (Sipinna).<\/p>\n\n\n\n<p>De acuerdo con el informe de la autoridad a favor de las infancias, con datos de la Secretar\u00eda de Salud, Oaxaca es la octava entidad donde se han registrado m\u00e1s muertes en este grupo de la poblaci\u00f3n entre el 12 de abril de 2020 al 2 de mayo de este a\u00f1o, con 46 casos.<\/p>\n\n\n\n<p>La poblaci\u00f3n m\u00e1s vulnerable a las defunciones infantiles en Oaxaca se registr\u00f3 en el rango de edad de los 0 a cinco a\u00f1os, con 33 casos; seguido de los 12 a 17 a\u00f1os, con nueve casos y de seis a 11 a\u00f1os, cuatro defunciones.<\/p>\n\n\n\n<p>Mientras que para el caso de los contagios de SARS-CoV-2, de los dos mil 489, 736 se registraron en menores de cero a cinco a\u00f1os; 644 en edades de seis a 11 a\u00f1os y la mayor\u00eda de los casos se han registrado entre los 12 y 17 a\u00f1os, con mil 109 casos.<\/p>\n\n\n\n<p>Justamente para este \u00faltimo rango de edad, sin comorbilidad, este 4 de mayo inici\u00f3 en Oaxaca la jornada de vacunaci\u00f3n contra el Covid-19, en la que se registr\u00f3 gran participaci\u00f3n de los adolescentes.<\/p>\n\n\n\n<p>PANORAMA NACIONAL<\/p>\n\n\n\n<p>Los contagios acumulados de Covid-19 en ni\u00f1as, ni\u00f1os y adolescentes, al 02 de mayo de este a\u00f1o, asciende a los 97 mil 531, de los que en 957 casos han derivado en la muerte de menores de edad.<\/p>\n\n\n\n<p>Por grupos de edad, el 19.4 por ciento correspondi\u00f3 a la poblaci\u00f3n de cero a cinco a\u00f1os; el 25.1 por ciento a la poblaci\u00f3n de seis a 11 a\u00f1os y el 55.6 por ciento en menores de 12 a 17 a\u00f1os.<\/p>\n\n\n\n<p>En el caso de las defunciones, de las 957, 445 ocurri\u00f3 en el sexo femenino y 512 en personas del sexo masculino.<\/p>\n\n\n\n<p>El 39 por ciento de las muertes en menores se concentraron en cinco entidades. Estado de M\u00e9xico con 121 casos; Puebla, 69; Nuevo Le\u00f3n, 64; Baja California, 62; Veracruz, 57. A ellos le siguen, Ciudad de M\u00e9xico, 56, Guanajuato, 52 y Oaxaca con 46 defunciones.<\/p>\n\n\n\n<p>Los picos en las muertes de ni\u00f1as, ni\u00f1os y adolescentes se registraron en julio de 2020 con 84 casos; enero de 2021, 58; agosto 2021, 84; enero 2022, 55, mientras que, por el contrario, los meses con menos casos fueron, mayo de 2021, con ocho; julio de 2021, cuatro y abril de este a\u00f1o, uno.<\/p>\n","protected":false},"excerpt":{"rendered":"<p>Yuridiana Sosa\/Zona Roja. Oaxaca de Ju\u00e1rez, Oax., 04 de mayo de 2022.- En el transcurso&hellip;<\/p>\n","protected":false},"author":2,"featured_media":34386,"comment_status":"closed","ping_status":"open","sticky":false,"template":"","format":"standard","meta":{"_lmt_disableupdate":"","_lmt_disable":"","_jetpack_memberships_contains_paid_content":false,"footnotes":""},"categories":[109,47],"tags":[1512],"class_list":["post-40793","post","type-post","status-publish","format-standard","has-post-thumbnail","hentry","category-minuto-a-minuto","category-zona-gris","tag-coronavirus-oaxaca"],"jetpack_featured_media_url":"https:\/\/zonaroja.com.mx\/wp-content\/uploads\/2021\/11\/Vacunacion-Covid-menores-Mexico.jpeg","jetpack_sharing_enabled":true,"_links":{"self":[{"href":"https:\/\/zonaroja.com.mx\/index.php?rest_route=\/wp\/v2\/posts\/40793","targetHints":{"allow":["GET"]}}],"collection":[{"href":"https:\/\/zonaroja.com.mx\/index.php?rest_route=\/wp\/v2\/posts"}],"about":[{"href":"https:\/\/zonaroja.com.mx\/index.php?rest_route=\/wp\/v2\/types\/post"}],"author":[{"embeddable":true,"href":"https:\/\/zonaroja.com.mx\/index.php?rest_route=\/wp\/v2\/users\/2"}],"replies":[{"embeddable":true,"href":"https:\/\/zonaroja.com.mx\/index.php?rest_route=%2Fwp%2Fv2%2Fcomments&post=40793"}],"version-history":[{"count":1,"href":"https:\/\/zonaroja.com.mx\/index.php?rest_route=\/wp\/v2\/posts\/40793\/revisions"}],"predecessor-version":[{"id":40794,"href":"https:\/\/zonaroja.com.mx\/index.php?rest_route=\/wp\/v2\/posts\/40793\/revisions\/40794"}],"wp:featuredmedia":[{"embeddable":true,"href":"https:\/\/zonaroja.com.mx\/index.php?rest_route=\/wp\/v2\/media\/34386"}],"wp:attachment":[{"href":"https:\/\/zonaroja.com.mx\/index.php?rest_route=%2Fwp%2Fv2%2Fmedia&parent=40793"}],"wp:term":[{"taxonomy":"category","embeddable":true,"href":"https:\/\/zonaroja.com.mx\/index.php?rest_route=%2Fwp%2Fv2%2Fcategories&post=40793"},{"taxonomy":"post_tag","embeddable":true,"href":"https:\/\/zonaroja.com.mx\/index.php?rest_route=%2Fwp%2Fv2%2Ftags&post=40793"}],"curies":[{"name":"wp","href":"https:\/\/api.w.org\/{rel}","templated":true}]}}