{"id":40795,"date":"2022-05-04T15:32:33","date_gmt":"2022-05-04T20:32:33","guid":{"rendered":"http:\/\/www.zonaroja.com.mx\/?p=40795"},"modified":"2022-05-04T15:32:34","modified_gmt":"2022-05-04T20:32:34","slug":"prioridad-del-poder-judicial-salvaguardar-derechos-de-la-ninez","status":"publish","type":"post","link":"https:\/\/zonaroja.com.mx\/?p=40795","title":{"rendered":"Prioridad del Poder Judicial, salvaguardar derechos de la ni\u00f1ez"},"content":{"rendered":"\n<p>Redacci\u00f3n\/Zona Roja.<\/p>\n\n\n\n<p>Oaxaca de Ju\u00e1rez, Oax., 4 de mayo de 2022.- Los derechos de ni\u00f1as, ni\u00f1os y adolescentes son una prioridad para el Poder Judicial del Estado, principalmente, cuando la integridad y estabilidad emocional de los mismos, se ve involucrada en alg\u00fan proceso judicial,&nbsp;como es el caso de asuntos relacionados con la disoluci\u00f3n de un matrimonio,&nbsp;la guarda y custodia, patria potestad o pensi\u00f3n alimenticia&nbsp;<\/p>\n\n\n\n<p>Las autoridades son responsables de supervisar que se cumplan los convenios prestablecidos por los padres en este tema y, en el caso que no exista un acuerdo entre ambos, deben acudir ante un Juez Familiar quien siempre atender\u00e1 y velar\u00e1 por el Interior Superior de la Ni\u00f1ez.&nbsp;<\/p>\n\n\n\n<p>En el caso de la guarda y custodia existen diferentes tipos, la primera se clasifica como monoparental o individual, que se otorga a uno de los progenitores; la compartida, concedida a ambos padresy&nbsp;a terceros, cuando por causa de muerte o abuso de sustancias, los abuelos, t\u00edos, hermanos o conocidos mayores de edad, demandan esta obligaci\u00f3n.&nbsp;<\/p>\n\n\n\n<p>En la distributiva, se faculta la divisi\u00f3n de los hijos entre padre y madre, es ah\u00ed cuando el juez tiene que programar las convivencias para que no se pierda la relaci\u00f3n entre hermanos&nbsp;o con los familiares.&nbsp;<\/p>\n\n\n\n<p>Cabe resaltar que, en estos procesos legales, las y los jueces, adem\u00e1s de su conocimiento jur\u00eddico, deben contar con sensibilidad, inter\u00e9s y empat\u00eda hacia las personas que atienden para visualizar el contexto de la situaci\u00f3n familiar que atraviesan y ofrecer una soluci\u00f3n efectiva, siempre con el objetivo de garantizar y salvaguardar a la ni\u00f1ez.<\/p>\n","protected":false},"excerpt":{"rendered":"<p>Redacci\u00f3n\/Zona Roja. Oaxaca de Ju\u00e1rez, Oax., 4 de mayo de 2022.- Los derechos de ni\u00f1as,&hellip;<\/p>\n","protected":false},"author":2,"featured_media":40796,"comment_status":"closed","ping_status":"open","sticky":false,"template":"","format":"standard","meta":{"_lmt_disableupdate":"","_lmt_disable":"","_jetpack_memberships_contains_paid_content":false,"footnotes":""},"categories":[109,46],"tags":[223],"class_list":["post-40795","post","type-post","status-publish","format-standard","has-post-thumbnail","hentry","category-minuto-a-minuto","category-zona-blanca","tag-poder-judicial-de-oaxaca"],"jetpack_featured_media_url":"https:\/\/zonaroja.com.mx\/wp-content\/uploads\/2022\/05\/Custodia-divorcio-derechos-padres-ninez.jpg","jetpack_sharing_enabled":true,"_links":{"self":[{"href":"https:\/\/zonaroja.com.mx\/index.php?rest_route=\/wp\/v2\/posts\/40795","targetHints":{"allow":["GET"]}}],"collection":[{"href":"https:\/\/zonaroja.com.mx\/index.php?rest_route=\/wp\/v2\/posts"}],"about":[{"href":"https:\/\/zonaroja.com.mx\/index.php?rest_route=\/wp\/v2\/types\/post"}],"author":[{"embeddable":true,"href":"https:\/\/zonaroja.com.mx\/index.php?rest_route=\/wp\/v2\/users\/2"}],"replies":[{"embeddable":true,"href":"https:\/\/zonaroja.com.mx\/index.php?rest_route=%2Fwp%2Fv2%2Fcomments&post=40795"}],"version-history":[{"count":1,"href":"https:\/\/zonaroja.com.mx\/index.php?rest_route=\/wp\/v2\/posts\/40795\/revisions"}],"predecessor-version":[{"id":40797,"href":"https:\/\/zonaroja.com.mx\/index.php?rest_route=\/wp\/v2\/posts\/40795\/revisions\/40797"}],"wp:featuredmedia":[{"embeddable":true,"href":"https:\/\/zonaroja.com.mx\/index.php?rest_route=\/wp\/v2\/media\/40796"}],"wp:attachment":[{"href":"https:\/\/zonaroja.com.mx\/index.php?rest_route=%2Fwp%2Fv2%2Fmedia&parent=40795"}],"wp:term":[{"taxonomy":"category","embeddable":true,"href":"https:\/\/zonaroja.com.mx\/index.php?rest_route=%2Fwp%2Fv2%2Fcategories&post=40795"},{"taxonomy":"post_tag","embeddable":true,"href":"https:\/\/zonaroja.com.mx\/index.php?rest_route=%2Fwp%2Fv2%2Ftags&post=40795"}],"curies":[{"name":"wp","href":"https:\/\/api.w.org\/{rel}","templated":true}]}}