{"id":40798,"date":"2022-05-04T21:08:13","date_gmt":"2022-05-05T02:08:13","guid":{"rendered":"http:\/\/www.zonaroja.com.mx\/?p=40798"},"modified":"2022-05-04T21:08:16","modified_gmt":"2022-05-05T02:08:16","slug":"de-la-foto-de-las-sonrisas-de-los-cuatro-ademas-del-lomito-a-la-tragedia","status":"publish","type":"post","link":"https:\/\/zonaroja.com.mx\/?p=40798","title":{"rendered":"De la foto de las sonrisas de los cuatro, adem\u00e1s del \u201clomito\u201d, a la tragedia"},"content":{"rendered":"\n<p>Yuridiana Sosa\/Zona Roja.<\/p>\n\n\n\n<p>Oaxaca de Ju\u00e1rez, Oax., 04 de mayo de 2022.- Las tres se ven sonrientes. Nada t\u00edmidas, con el pelo amarrado en colitas, pies descalzos y sucios. El beb\u00e9 de 10 meses, en brazos de la mayor.<\/p>\n\n\n\n<p>Enfrente posando, m\u00e1s orgulloso, el \u201clomito\u201d, peque\u00f1o cachorro, ahora el \u00fanico hu\u00e9rfano de la familia.<\/p>\n\n\n\n<p>Es la foto, la \u00faltima foto, de tres ni\u00f1as y un beb\u00e9, a los que alcanz\u00f3 la tragedia el segundo d\u00eda de mayo, 48 horas despu\u00e9s del D\u00eda del Ni\u00f1o y ocho d\u00edas antes de celebrar el D\u00eda de las Madres.<\/p>\n\n\n\n<p>\u00bfDe qu\u00e9 color era la sonrisa de las peque\u00f1as? De alegr\u00eda, pese a un futuro incierto. De felicidad, con su \u201cpulgoso\u201d a sus pies. De sue\u00f1os, de anhelos, que quedaron truncados de tajo.<\/p>\n\n\n\n<p>Una foto captur\u00f3 el tiempo de las sonrisas, quiz\u00e1 tomada por mam\u00e1. Una foto, acostados uno a uno y sin vida, revel\u00f3 el tr\u00e1gico fin.<\/p>\n\n\n\n<p>ADI\u00d3S FUTURO<\/p>\n\n\n\n<p>Una vida hermosa, como la de alguna princesa o la mu\u00f1eca Barbie del pijama de Areli, ya no pudo ser ni para ella ni para sus hermanas. De pronto, sus mundos se apagaron, no hubo oportunidad de luchar.<\/p>\n\n\n\n<p>Con sus prendas ensangrentadas, Areli se \u201cdurmi\u00f3\u201d abrazando a Itza, quien a su vez tambi\u00e9n lo hizo con Alim y ella con Delfino, el m\u00e1s peque\u00f1o de los inocentes.<\/p>\n\n\n\n<p>La mayor, con un hilo de un l\u00edquido blanco saliendo de su boca, al igual que Itza con una burbuja blanca que sobresal\u00eda de sus labios, mientras era visible una herida de arma blanca sobre su t\u00f3rax. As\u00ed fueron encontrados varias horas despu\u00e9s de sus muertes.<\/p>\n\n\n\n<p>Sus cuerpecitos, inocentes a la maldad, quedaron abrazados, formados del m\u00e1s peque\u00f1o al m\u00e1s grande, aquel fat\u00eddico 2 de mayo.<\/p>\n\n\n\n<p>Sin un suspiro de aliento cuatro hermanitos fueron encontrados acostados en una cama de su hogar en Chicapa de Castro, agencia de Juchit\u00e1n de Zaragoza, en la regi\u00f3n del Istmo.<\/p>\n\n\n\n<p>En el patio de su casa, en las calles de su barrio, no se escuchar\u00e1n m\u00e1s las risas y juegos de Areli A. J., de 8 a\u00f1os de edad; Itz\u00e1 A. A. J., de 5 a\u00f1os; Alim I. A. J., de dos a\u00f1os, ni el llanto repentino de Delfino A. J., de 10 meses de edad. Se fueron juntos de este mundo como casi siempre lo estaban.<\/p>\n\n\n\n<p>El crimen a\u00fan no se esclarece, hay diferentes versiones y cualesquiera de ellas no dejan de ser aterradoras. Mientras la madre, indicada, contin\u00faa hospitalizada, pues presuntamente se intent\u00f3 suicidar, al cortarse el cuello.<\/p>\n\n\n\n<p>El hecho ha causado indignaci\u00f3n, pues no hay forma de digerir que el multihomicidio presuntamente fue ejecutado por la madre, Areli, de 27 a\u00f1os el pasado lunes.<\/p>\n\n\n\n<p>De las peque\u00f1as y el peque\u00f1o queda el recuerdo de una infancia de pies descalzos, de deditos y rodillas llenos de tierra por correr en el patio; sus ropas, prendas frescas de camiseta y short por el intenso calor, tambi\u00e9n con rastros de su intenso d\u00eda que formaba parte su cachorro, y ahora su deudo.<\/p>\n\n\n\n<p>La ni\u00f1a mayor, a veces a cargo del m\u00e1s peque\u00f1o, como se muestra en una fotograf\u00eda, donde el amigo perruno no falt\u00f3, como tampoco la franca sonrisa de las hermanas.<\/p>\n\n\n\n<p>M\u00daLTIPLES VERSIONES<\/p>\n\n\n\n<p>Areli se encuentra en calidad de detenida, pero recibiendo atenci\u00f3n m\u00e9dica desde un nosocomio, confirma la Fiscal\u00eda General de Oaxaca por su probable responsabilidad en el asesinato de los cuatro peque\u00f1os.<\/p>\n\n\n\n<p>Entre las primeras versiones de la muerte de los hermanos fue que hab\u00edan sido envenenados.<\/p>\n\n\n\n<p>La madre, de acuerdo a otras versiones, habr\u00eda llevado a la muerte a sus hijos tras un arrebato de enojo con su pareja, un hombre de 62 a\u00f1os de edad.<\/p>\n\n\n\n<p>Areli J.M y Delfino, su pareja, presuntamente convivieron el domingo e ingirieron bebidas embriagantes y a la ma\u00f1ana siguiente, el lunes, discutieron al punto que ella perdi\u00f3 el control sobre los hijos luego que su esposo sali\u00f3 de casa.<\/p>\n\n\n\n<p>Conforme pasaron las horas tras el hecho, se difundi\u00f3 que la madre declar\u00f3 que cometi\u00f3 el crimen y trat\u00f3 de suicidarse ante los problemas con su esposo, a quien \u201cno soportaba\u201d m\u00e1s y la celaba mucho.<\/p>\n\n\n\n<p>La Fiscal\u00eda General de Oaxaca abri\u00f3 la carpeta de investigaci\u00f3n 15219\/FIST-TEHUANTEPEC\/2022 e inform\u00f3 hoy que entre los primeros resultados concluyentes de los estudios llevados a cabo por personal del Instituto de Servicios Periciales, la autopsia determin\u00f3 que la causa de muerte de los menores de edad fue producida por lesiones provocadas con un objeto punzocortante.<\/p>\n\n\n\n<p>Pero, tambi\u00e9n se realizan estudios qu\u00edmicos a las v\u00edctimas, cuyos resultados siguen en proceso.<\/p>\n\n\n\n<p>Por este caso, indic\u00f3 que realizar\u00e1 una investigaci\u00f3n meticulosa contemplando todos los elementos, hasta agotar las l\u00edneas de investigaci\u00f3n que permitan dar pleno acceso a la justicia.<\/p>\n\n\n\n<p>Una foto, la de las sonrisas, la de las inocencias, recorre el mundo. La tristeza invade, las muertes duelen. Las tres peque\u00f1as y el beb\u00e9 ya descansan en la eternidad. No m\u00e1s l\u00e1grimas, no m\u00e1s pleitos, no m\u00e1s penurias. S\u00f3lo sonrisas, la sonrisa eterna de ellas y ellos.&nbsp;<\/p>\n","protected":false},"excerpt":{"rendered":"<p>Yuridiana Sosa\/Zona Roja. Oaxaca de Ju\u00e1rez, Oax., 04 de mayo de 2022.- Las tres se&hellip;<\/p>\n","protected":false},"author":2,"featured_media":40762,"comment_status":"closed","ping_status":"open","sticky":false,"template":"","format":"standard","meta":{"_lmt_disableupdate":"","_lmt_disable":"","_jetpack_memberships_contains_paid_content":false,"footnotes":""},"categories":[109,46],"tags":[3124],"class_list":["post-40798","post","type-post","status-publish","format-standard","has-post-thumbnail","hentry","category-minuto-a-minuto","category-zona-blanca","tag-chicapa-de-castro"],"jetpack_featured_media_url":"https:\/\/zonaroja.com.mx\/wp-content\/uploads\/2022\/05\/Menores-asesinados-Chicapa-de-Castro.jpg","jetpack_sharing_enabled":true,"_links":{"self":[{"href":"https:\/\/zonaroja.com.mx\/index.php?rest_route=\/wp\/v2\/posts\/40798","targetHints":{"allow":["GET"]}}],"collection":[{"href":"https:\/\/zonaroja.com.mx\/index.php?rest_route=\/wp\/v2\/posts"}],"about":[{"href":"https:\/\/zonaroja.com.mx\/index.php?rest_route=\/wp\/v2\/types\/post"}],"author":[{"embeddable":true,"href":"https:\/\/zonaroja.com.mx\/index.php?rest_route=\/wp\/v2\/users\/2"}],"replies":[{"embeddable":true,"href":"https:\/\/zonaroja.com.mx\/index.php?rest_route=%2Fwp%2Fv2%2Fcomments&post=40798"}],"version-history":[{"count":1,"href":"https:\/\/zonaroja.com.mx\/index.php?rest_route=\/wp\/v2\/posts\/40798\/revisions"}],"predecessor-version":[{"id":40799,"href":"https:\/\/zonaroja.com.mx\/index.php?rest_route=\/wp\/v2\/posts\/40798\/revisions\/40799"}],"wp:featuredmedia":[{"embeddable":true,"href":"https:\/\/zonaroja.com.mx\/index.php?rest_route=\/wp\/v2\/media\/40762"}],"wp:attachment":[{"href":"https:\/\/zonaroja.com.mx\/index.php?rest_route=%2Fwp%2Fv2%2Fmedia&parent=40798"}],"wp:term":[{"taxonomy":"category","embeddable":true,"href":"https:\/\/zonaroja.com.mx\/index.php?rest_route=%2Fwp%2Fv2%2Fcategories&post=40798"},{"taxonomy":"post_tag","embeddable":true,"href":"https:\/\/zonaroja.com.mx\/index.php?rest_route=%2Fwp%2Fv2%2Ftags&post=40798"}],"curies":[{"name":"wp","href":"https:\/\/api.w.org\/{rel}","templated":true}]}}