{"id":4080,"date":"2019-09-18T09:05:26","date_gmt":"2019-09-18T14:05:26","guid":{"rendered":"http:\/\/www.zonaroja.com.mx\/?p=4080"},"modified":"2019-12-28T19:17:29","modified_gmt":"2019-12-29T01:17:29","slug":"registra-severa-sequia-66-6-del-territorio-nacional-incluido-oaxaca","status":"publish","type":"post","link":"https:\/\/zonaroja.com.mx\/?p=4080","title":{"rendered":"Registra severa sequ\u00eda 66.6% del territorio nacional, incluido Oaxaca"},"content":{"rendered":"\n<p>Redacci\u00f3n\/Zona\nRoja Cdmx.<\/p>\n\n\n\n<p>Ciudad de\nM\u00e9xico, 18 de septiembre de 2019.- El 66.6 por ciento del territorio nacional\nten\u00eda alg\u00fan grado de sequ\u00eda, con datos al 31 de agosto, inform\u00f3 la Comisi\u00f3n\nNacional del Agua (Conagua). <\/p>\n\n\n\n<p>Esto es casi\nel doble de lo que report\u00f3 al 31 de julio cuando ubicaba en esa situaci\u00f3n a\ncasi el 31 por ciento del pa\u00eds, lo que equivale al 44 por ciento de los\nmunicipios, ya que adem\u00e1s de la sequ\u00eda se incluyen las condiciones anormalmente\nsecas, inform\u00f3 el diario \u201cLa Jornada\u201d.<\/p>\n\n\n\n<p>Los niveles\nm\u00e1s altos se presentan en seis municipios de Oaxaca y Veracruz, de acuerdo con\nel Monitor de Sequ\u00eda de M\u00e9xico, inform\u00f3 Francisco Javier Aparicio Mijares,\nGerente de Ingenier\u00eda y Asuntos Binacionales del Agua durante la Segunda Sesi\u00f3n\nOrdinaria de 2019 de la Comisi\u00f3n Intersecretarial para la Atenci\u00f3n de Sequ\u00edas e\nInundaciones.<\/p>\n\n\n\n<p>De enero al\n15 de septiembre se registr\u00f3 19.3 por ciento menos lluvia que lo habitual para\nel mismo periodo y el mes pasado fue el agosto m\u00e1s caluroso desde que se tiene\nregistro con temperaturas superiores al promedio hasta en tres grados\nCent\u00edgrados, inform\u00f3 Jorge Zavala, Coordinador General del Servicio\nMeteorol\u00f3gico Nacional (SMN).<\/p>\n\n\n\n<p>En relaci\u00f3n\ncon el impacto que ha tenido la reducci\u00f3n de las lluvias en los almacenamientos\nen embalses, Alfredo Oc\u00f3n, Gerente de Aguas Superficiales, de la Subdirecci\u00f3n\nGeneral T\u00e9cnica de la Conagua dijo que los niveles de las 206 principales\npresas de M\u00e9xico son 16 por ciento menores que el almacenamiento promedio para\nestas fechas. Asimismo, en agosto y septiembre pasados, de los 20 embalses m\u00e1s\nimportantes por tama\u00f1o, cuatro tuvieron hasta 10 por ciento menos de su llenado\nhabitual para esta temporada y en 13 se registr\u00f3 un d\u00e9ficit mayor a 10 por\nciento.<\/p>\n\n\n\n<p>V\u00edctor\nAlcocer Yamanaka, Subdirector General T\u00e9cnico destac\u00f3 que ese d\u00e9ficit superior\na 13 millones de metros c\u00fabicos en las principales presas no hab\u00eda ocurrido en\nlos \u00faltimos cinco a\u00f1os y podr\u00eda calificarse como preocupante.<\/p>\n","protected":false},"excerpt":{"rendered":"<p>Redacci\u00f3n\/Zona Roja Cdmx. Ciudad de M\u00e9xico, 18 de septiembre de 2019.- El 66.6 por ciento&hellip;<\/p>\n","protected":false},"author":2,"featured_media":4081,"comment_status":"closed","ping_status":"open","sticky":false,"template":"","format":"standard","meta":{"_lmt_disableupdate":"","_lmt_disable":"","_jetpack_memberships_contains_paid_content":false,"footnotes":""},"categories":[109,47],"tags":[728],"class_list":["post-4080","post","type-post","status-publish","format-standard","has-post-thumbnail","hentry","category-minuto-a-minuto","category-zona-gris","tag-sequia-m"],"jetpack_featured_media_url":"https:\/\/zonaroja.com.mx\/wp-content\/uploads\/2019\/09\/sequ\u00eda.jpg","jetpack_sharing_enabled":true,"_links":{"self":[{"href":"https:\/\/zonaroja.com.mx\/index.php?rest_route=\/wp\/v2\/posts\/4080","targetHints":{"allow":["GET"]}}],"collection":[{"href":"https:\/\/zonaroja.com.mx\/index.php?rest_route=\/wp\/v2\/posts"}],"about":[{"href":"https:\/\/zonaroja.com.mx\/index.php?rest_route=\/wp\/v2\/types\/post"}],"author":[{"embeddable":true,"href":"https:\/\/zonaroja.com.mx\/index.php?rest_route=\/wp\/v2\/users\/2"}],"replies":[{"embeddable":true,"href":"https:\/\/zonaroja.com.mx\/index.php?rest_route=%2Fwp%2Fv2%2Fcomments&post=4080"}],"version-history":[{"count":1,"href":"https:\/\/zonaroja.com.mx\/index.php?rest_route=\/wp\/v2\/posts\/4080\/revisions"}],"predecessor-version":[{"id":4082,"href":"https:\/\/zonaroja.com.mx\/index.php?rest_route=\/wp\/v2\/posts\/4080\/revisions\/4082"}],"wp:featuredmedia":[{"embeddable":true,"href":"https:\/\/zonaroja.com.mx\/index.php?rest_route=\/wp\/v2\/media\/4081"}],"wp:attachment":[{"href":"https:\/\/zonaroja.com.mx\/index.php?rest_route=%2Fwp%2Fv2%2Fmedia&parent=4080"}],"wp:term":[{"taxonomy":"category","embeddable":true,"href":"https:\/\/zonaroja.com.mx\/index.php?rest_route=%2Fwp%2Fv2%2Fcategories&post=4080"},{"taxonomy":"post_tag","embeddable":true,"href":"https:\/\/zonaroja.com.mx\/index.php?rest_route=%2Fwp%2Fv2%2Ftags&post=4080"}],"curies":[{"name":"wp","href":"https:\/\/api.w.org\/{rel}","templated":true}]}}