{"id":40804,"date":"2022-05-05T07:40:24","date_gmt":"2022-05-05T12:40:24","guid":{"rendered":"http:\/\/www.zonaroja.com.mx\/?p=40804"},"modified":"2022-05-05T07:40:26","modified_gmt":"2022-05-05T12:40:26","slug":"triquis-firman-en-la-segob-convenio-de-no-agresion-para-retornar-a-sus-pueblos","status":"publish","type":"post","link":"https:\/\/zonaroja.com.mx\/?p=40804","title":{"rendered":"Triquis firman en la Segob convenio de no agresi\u00f3n para retornar a sus pueblos"},"content":{"rendered":"\n<p>Redacci\u00f3n\/Zona Roja Cdmx.<\/p>\n\n\n\n<p>Ciudad de M\u00e9xico, 5 de mayo de 2022.- Tras una segunda reuni\u00f3n con autoridades federales y estatales en la sede de la Secretar\u00eda de Gobernaci\u00f3n, representantes del Movimiento de Unificaci\u00f3n y Lucha Triqui Independiente (MULTI), que se han visto desplazados de sus viviendas en Tierra Blanca Copala, en Oaxaca, y del Movimiento de Unificaci\u00f3n y Lucha Triqui (MULT), firmaron un convenio de no agresi\u00f3n, encaminado a permitir el retorno seguro de las familias para el 16 de mayo.<\/p>\n\n\n\n<p>Como resultado del di\u00e1logo, que se prolong\u00f3 cerca de siete horas, ambas agrupaciones firmaron ayer una minuta con la que se \u201ccomprometen a respetarse entre s\u00ed para evitar cualquier acto de agresi\u00f3n o violencia hacia las personas, sus posesiones y los recursos naturales existentes en la zona, a fin de garantizar el retorno de las familias que se encuentran fuera de su comunidad\u201d:<\/p>\n\n\n\n<p>Para ellos \u201cse integr\u00f3 una comisi\u00f3n con representaciones del MULT y del MULTI, autoridades de los tres \u00f3rdenes de gobierno, \u00f3rganos aut\u00f3nomos y ONG\u201d, indic\u00f3 en redes sociales el subsecretario de Derechos Humanos, Migraci\u00f3n y Poblaci\u00f3n, Alejandro Encinas. Dicha comisi\u00f3n elaborar\u00e1 una propuesta de protocolo para el retorno, la cual se presentar\u00e1 el pr\u00f3ximo lunes.<\/p>\n\n\n\n<p>Mientras un grupo de integrantes del MULTI se encuentran en los alrededores de Tierra Blanca, otras familias llevan m\u00e1s de a\u00f1o y medio en la capital del pa\u00eds.<\/p>\n\n\n\n<p>En el encuentro estuvieron presentes los dos d\u00edas tambi\u00e9n, el gobernador de Oaxaca, Alejandro Murat Hinojosa, y el fiscal General del Estado, Arturo Peimbert Calvo.)<\/p>\n\n\n\n<p>(Con informaci\u00f3n de \u201cLa Jornada\u201d)<\/p>\n","protected":false},"excerpt":{"rendered":"<p>Redacci\u00f3n\/Zona Roja Cdmx. Ciudad de M\u00e9xico, 5 de mayo de 2022.- Tras una segunda reuni\u00f3n&hellip;<\/p>\n","protected":false},"author":2,"featured_media":40805,"comment_status":"closed","ping_status":"open","sticky":false,"template":"","format":"standard","meta":{"_lmt_disableupdate":"","_lmt_disable":"","_jetpack_memberships_contains_paid_content":false,"footnotes":""},"categories":[109,46],"tags":[1712],"class_list":["post-40804","post","type-post","status-publish","format-standard","has-post-thumbnail","hentry","category-minuto-a-minuto","category-zona-blanca","tag-tierra-blanca-copala"],"jetpack_featured_media_url":"https:\/\/zonaroja.com.mx\/wp-content\/uploads\/2022\/05\/Alejandro-Murat-Segob-triquis.jpg","jetpack_sharing_enabled":true,"_links":{"self":[{"href":"https:\/\/zonaroja.com.mx\/index.php?rest_route=\/wp\/v2\/posts\/40804","targetHints":{"allow":["GET"]}}],"collection":[{"href":"https:\/\/zonaroja.com.mx\/index.php?rest_route=\/wp\/v2\/posts"}],"about":[{"href":"https:\/\/zonaroja.com.mx\/index.php?rest_route=\/wp\/v2\/types\/post"}],"author":[{"embeddable":true,"href":"https:\/\/zonaroja.com.mx\/index.php?rest_route=\/wp\/v2\/users\/2"}],"replies":[{"embeddable":true,"href":"https:\/\/zonaroja.com.mx\/index.php?rest_route=%2Fwp%2Fv2%2Fcomments&post=40804"}],"version-history":[{"count":1,"href":"https:\/\/zonaroja.com.mx\/index.php?rest_route=\/wp\/v2\/posts\/40804\/revisions"}],"predecessor-version":[{"id":40806,"href":"https:\/\/zonaroja.com.mx\/index.php?rest_route=\/wp\/v2\/posts\/40804\/revisions\/40806"}],"wp:featuredmedia":[{"embeddable":true,"href":"https:\/\/zonaroja.com.mx\/index.php?rest_route=\/wp\/v2\/media\/40805"}],"wp:attachment":[{"href":"https:\/\/zonaroja.com.mx\/index.php?rest_route=%2Fwp%2Fv2%2Fmedia&parent=40804"}],"wp:term":[{"taxonomy":"category","embeddable":true,"href":"https:\/\/zonaroja.com.mx\/index.php?rest_route=%2Fwp%2Fv2%2Fcategories&post=40804"},{"taxonomy":"post_tag","embeddable":true,"href":"https:\/\/zonaroja.com.mx\/index.php?rest_route=%2Fwp%2Fv2%2Ftags&post=40804"}],"curies":[{"name":"wp","href":"https:\/\/api.w.org\/{rel}","templated":true}]}}