{"id":40812,"date":"2022-05-05T08:29:18","date_gmt":"2022-05-05T13:29:18","guid":{"rendered":"http:\/\/www.zonaroja.com.mx\/?p=40812"},"modified":"2022-05-05T08:29:19","modified_gmt":"2022-05-05T13:29:19","slug":"asegura-el-triple-a-que-habra-total-compromiso-con-las-familias-istmenas","status":"publish","type":"post","link":"https:\/\/zonaroja.com.mx\/?p=40812","title":{"rendered":"Asegura el \u201cTriple A\u201d que habr\u00e1 total compromiso con las familias istme\u00f1as"},"content":{"rendered":"\n<p>Redacci\u00f3n\/Zona Roja.&nbsp;<\/p>\n\n\n\n<p>Oaxaca de Ju\u00e1rez, Oax., 5 de mayo de 2022.- El candidato com\u00fan del PRI-PRD a la gubernatura de Oaxaca, Alejandro Avil\u00e9s \u00c1lvarez, present\u00f3 de manera clara y contundente cada una de sus propuestas de campa\u00f1a, en las que incluy\u00f3 primordialmente apoyos y subsidios econ\u00f3micos para jefas de familia, madres solteras, j\u00f3venes, adultos mayores, campesinos y productores, que contar\u00e1n con todo el respaldo de su gobierno para abatir los \u00edndices de marginaci\u00f3n y pobreza de la entidad.&nbsp;<\/p>\n\n\n\n<p>\u201cVengo a darles mi palabra de honor que voy a cumplir con todas las propuestas que estoy haciendo, yo he vivido en carne propia lo que es no tener para pagar la renta; no tener para pagar el recibo de luz, porque trabaja uno mucho y luego no hay ni para el tanque de gas\u201d, explic\u00f3.<\/p>\n\n\n\n<p>Ante la presencia de simpatizantes, militantes y organizaciones sociales del Istmo, Alejandro Avil\u00e9s remarc\u00f3 que en su sexenio, las mujeres oaxaque\u00f1as tendr\u00e1n un trato digno y respetuoso que garantizar\u00e1 sus derechos de seguridad, trabajo y salud.&nbsp;<\/p>\n\n\n\n<p>\u201cHabr\u00e1n brigadas m\u00e9dicas para ir con todas las mujeres para prevenir el c\u00e1ncer cervicouterino y c\u00e1ncer de mama. Tambi\u00e9n vamos a atender a las y los adultos mayores para que se hagan estudios de prevenci\u00f3n de diabetes e hipertensi\u00f3n; con medicamentos gratis y los servicios de salud gratis, y habr\u00e1 becas para que las jefas de familia manden a sus hijos a estudiar\u201d, reiter\u00f3.\u00a0<\/p>\n\n\n\n<figure class=\"wp-block-embed is-type-rich is-provider-twitter wp-block-embed-twitter\"><div class=\"wp-block-embed__wrapper\">\n<div class=\"twitter-tweet\"><blockquote class=\"twitter-tweet\" data-lang=\"es\"><p lang=\"es\" dir=\"ltr\"><a href=\"https:\/\/twitter.com\/hashtag\/EleccionesOaxaca2022?src=hash&amp;ref_src=twsrc%5Etfw\">#EleccionesOaxaca2022<\/a><br>\u201cMi compromiso es con todas y todos los oaxaque\u00f1os, vamos por mejores condiciones de salud, educaci\u00f3n, seguridad y por la reactivaci\u00f3n econ\u00f3mica del sector productivo\u201d, dijo hoy <a href=\"https:\/\/twitter.com\/_AvilesAlvarez?ref_src=twsrc%5Etfw\">@_AvilesAlvarez<\/a>, desde Mat\u00edas Romero. <a href=\"https:\/\/t.co\/dRLszHwU4M\">pic.twitter.com\/dRLszHwU4M<\/a><\/p>&mdash; Zona Roja Oaxaca (@ZonaRoja_Oaxaca) <a href=\"https:\/\/twitter.com\/ZonaRoja_Oaxaca\/status\/1522060765024374784?ref_src=twsrc%5Etfw\">5 de mayo de 2022<\/a><\/blockquote><\/div>\n<\/div><\/figure>\n\n\n\n<p>Para lograr estas acciones, el \u201cTriple A\u201d destac\u00f3 que contar\u00e1 con un gabinete conformado por mujeres y hombres 100% oaxaque\u00f1os que amen su tierra y sus ra\u00edces, totalmente paritario a la altura de las necesidades de las ocho regiones del estado, donde tambi\u00e9n ser\u00e1n incorporados al funcionariado un gran porcentaje de j\u00f3venes para cumplir con estas tareas.&nbsp;<\/p>\n\n\n\n<p>\u201cToda mi vida he so\u00f1ado con un Oaxaca mejor, porque a las mujeres no les falte nada, donde las y los oaxaque\u00f1os tengan empleo, donde las mujeres puedan caminar con seguridad; un lugar donde a nuestras ni\u00f1as y ni\u00f1os no los molesten y donde las y los adultos mayores lleven una vida de salud y tranquilidad\u201d, manifest\u00f3.<\/p>\n\n\n\n<p>Dentro de sus compromisos, Alejandro Avil\u00e9s sostuvo que en su gobierno, las y los j\u00f3venes egresados de las universidades o que se encuentren cursando los \u00faltimos semestres ser\u00e1n colocados en un trabajo formal de manera inmediata con la creaci\u00f3n del programa \u201cTu Primer Empleo\u201d, mientras que las y los productores del campo que no cuenten con equipos y herramientas para laborar, recibir\u00e1n capacitaci\u00f3n y recursos para trabajar en \u00f3ptimas condiciones.&nbsp;<\/p>\n\n\n\n<p>\u201cHoy me comprometo con todos ustedes que mis palabras se har\u00e1n realidad, como lo hago con mi familia; porque todos ustedes son como mi familia\u201d, finaliz\u00f3.<\/p>\n","protected":false},"excerpt":{"rendered":"<p>Redacci\u00f3n\/Zona Roja.&nbsp; Oaxaca de Ju\u00e1rez, Oax., 5 de mayo de 2022.- El candidato com\u00fan del&hellip;<\/p>\n","protected":false},"author":2,"featured_media":40813,"comment_status":"closed","ping_status":"open","sticky":false,"template":"","format":"standard","meta":{"_lmt_disableupdate":"","_lmt_disable":"","_jetpack_memberships_contains_paid_content":false,"footnotes":""},"categories":[109,46],"tags":[],"class_list":["post-40812","post","type-post","status-publish","format-standard","has-post-thumbnail","hentry","category-minuto-a-minuto","category-zona-blanca"],"jetpack_featured_media_url":"https:\/\/zonaroja.com.mx\/wp-content\/uploads\/2022\/05\/Alejandro-Aviles-gira-Istmo.jpg","jetpack_sharing_enabled":true,"_links":{"self":[{"href":"https:\/\/zonaroja.com.mx\/index.php?rest_route=\/wp\/v2\/posts\/40812","targetHints":{"allow":["GET"]}}],"collection":[{"href":"https:\/\/zonaroja.com.mx\/index.php?rest_route=\/wp\/v2\/posts"}],"about":[{"href":"https:\/\/zonaroja.com.mx\/index.php?rest_route=\/wp\/v2\/types\/post"}],"author":[{"embeddable":true,"href":"https:\/\/zonaroja.com.mx\/index.php?rest_route=\/wp\/v2\/users\/2"}],"replies":[{"embeddable":true,"href":"https:\/\/zonaroja.com.mx\/index.php?rest_route=%2Fwp%2Fv2%2Fcomments&post=40812"}],"version-history":[{"count":1,"href":"https:\/\/zonaroja.com.mx\/index.php?rest_route=\/wp\/v2\/posts\/40812\/revisions"}],"predecessor-version":[{"id":40814,"href":"https:\/\/zonaroja.com.mx\/index.php?rest_route=\/wp\/v2\/posts\/40812\/revisions\/40814"}],"wp:featuredmedia":[{"embeddable":true,"href":"https:\/\/zonaroja.com.mx\/index.php?rest_route=\/wp\/v2\/media\/40813"}],"wp:attachment":[{"href":"https:\/\/zonaroja.com.mx\/index.php?rest_route=%2Fwp%2Fv2%2Fmedia&parent=40812"}],"wp:term":[{"taxonomy":"category","embeddable":true,"href":"https:\/\/zonaroja.com.mx\/index.php?rest_route=%2Fwp%2Fv2%2Fcategories&post=40812"},{"taxonomy":"post_tag","embeddable":true,"href":"https:\/\/zonaroja.com.mx\/index.php?rest_route=%2Fwp%2Fv2%2Ftags&post=40812"}],"curies":[{"name":"wp","href":"https:\/\/api.w.org\/{rel}","templated":true}]}}