{"id":40817,"date":"2022-05-05T12:57:52","date_gmt":"2022-05-05T17:57:52","guid":{"rendered":"https:\/\/www.zonaroja.com.mx\/?p=40817"},"modified":"2022-05-05T12:57:56","modified_gmt":"2022-05-05T17:57:56","slug":"permanecen-hospitalizados-cinco-de-los-seis-rescatados-en-chahuites-fiscalia-indaga","status":"publish","type":"post","link":"https:\/\/zonaroja.com.mx\/?p=40817","title":{"rendered":"Permanecen hospitalizados cinco de los seis rescatados en Chahuites; Fiscal\u00eda indaga"},"content":{"rendered":"\n<p>Oaxaca de Ju\u00e1rez, Oax., 5 de Mayo de 2022.- Cinco de las seis personas originarias de Chiapas y que intentaron linchar ayer en Chahuites, permanecen hospitalizadas debido a la gravedad de las heridas.&nbsp;<\/p>\n\n\n\n<p>La Fiscal\u00eda General del Estado de Oaxaca (FGEO) confirm\u00f3 que se trata de cuatro mujeres y dos varones que fueron detenidos ayer por una turba en ese municipio de la regi\u00f3n del Istmo de Tehuantepec, acusador de robo de menores de edad.&nbsp;<\/p>\n\n\n\n<p>Los hechos se suscitaron ayer 4 de mayo del a\u00f1o en curso, aproximadamente&nbsp;a las 18:30&nbsp;horas, cuando un grupo de pobladores de la referida poblaci\u00f3n retuvieron una camioneta en la que se trasladaban las seis personas.<\/p>\n\n\n\n<p>Luego de ser retenidas, las personas fueron trasladadas a la presidencia municipal, donde incendiaron su veh\u00edculo y amenazaron con rociarles fuego para lincharlas, inform\u00f3 la Fiscal\u00eda en un comunicado.&nbsp;<\/p>\n\n\n\n<p>Expuso que ante esta situaci\u00f3n, las autoridades municipales reportaron el hecho, \u201clo que propici\u00f3 un operativo din\u00e1mico del cual fueron parte la Agencia Estatal de Investigaciones (AEI), Polic\u00eda Municipal y Estatal de la Secretar\u00eda de Seguridad P\u00fablica de Oaxaca (SSPO), as\u00ed como elementos de la Guardia Nacional y de la Secretar\u00eda de la Defensa Nacional (SEDENA), quienes se trasladaron de forma inmediata al lugar de los hechos.<\/p>\n\n\n\n<p>\u201cTras entablar un di\u00e1logo con los pobladores, elementos de la AEI adscritos a la Vicefiscal\u00eda Regional del Istmo lograron el rescate y aseguramiento de los masculinos W. A. L. L. y J. L. P. L., as\u00ed como de las mujeres identificadas con las iniciales M. M. S. P., N. V. L. P., D. V. L. P., y una adolescente de 17 a\u00f1os, quienes son originarios del estado de Chiapas y que fueron trasladados a recibir atenci\u00f3n m\u00e9dica especializada\u201d.<\/p>\n\n\n\n<p>Agreg\u00f3 que debido a las lesiones infligidas, cinco de las personas permanecen hospitalizadas, en tanto que una de ellas, al no presentar heridas de gravedad, fue dada de alta y presentada ante la autoridad correspondiente, que determinar\u00e1 su situaci\u00f3n jur\u00eddica.&nbsp;<\/p>\n\n\n\n<p>\u201cLa Fiscal\u00eda General realiza los actos de investigaci\u00f3n correspondientes para esclarecer con celeridad este hecho, refrendando su firme compromiso con la justicia y reitera su convicci\u00f3n de no permitir actos delictivos que atenten contra la paz social\u201d, expuso. <\/p>\n","protected":false},"excerpt":{"rendered":"<p>Oaxaca de Ju\u00e1rez, Oax., 5 de Mayo de 2022.- Cinco de las seis personas originarias&hellip;<\/p>\n","protected":false},"author":2,"featured_media":40816,"comment_status":"closed","ping_status":"open","sticky":false,"template":"","format":"standard","meta":{"_lmt_disableupdate":"","_lmt_disable":"","_jetpack_memberships_contains_paid_content":false,"footnotes":""},"categories":[109,47],"tags":[],"class_list":["post-40817","post","type-post","status-publish","format-standard","has-post-thumbnail","hentry","category-minuto-a-minuto","category-zona-gris"],"jetpack_featured_media_url":"https:\/\/zonaroja.com.mx\/wp-content\/uploads\/2022\/05\/img_6949.jpg","jetpack_sharing_enabled":true,"_links":{"self":[{"href":"https:\/\/zonaroja.com.mx\/index.php?rest_route=\/wp\/v2\/posts\/40817","targetHints":{"allow":["GET"]}}],"collection":[{"href":"https:\/\/zonaroja.com.mx\/index.php?rest_route=\/wp\/v2\/posts"}],"about":[{"href":"https:\/\/zonaroja.com.mx\/index.php?rest_route=\/wp\/v2\/types\/post"}],"author":[{"embeddable":true,"href":"https:\/\/zonaroja.com.mx\/index.php?rest_route=\/wp\/v2\/users\/2"}],"replies":[{"embeddable":true,"href":"https:\/\/zonaroja.com.mx\/index.php?rest_route=%2Fwp%2Fv2%2Fcomments&post=40817"}],"version-history":[{"count":1,"href":"https:\/\/zonaroja.com.mx\/index.php?rest_route=\/wp\/v2\/posts\/40817\/revisions"}],"predecessor-version":[{"id":40818,"href":"https:\/\/zonaroja.com.mx\/index.php?rest_route=\/wp\/v2\/posts\/40817\/revisions\/40818"}],"wp:featuredmedia":[{"embeddable":true,"href":"https:\/\/zonaroja.com.mx\/index.php?rest_route=\/wp\/v2\/media\/40816"}],"wp:attachment":[{"href":"https:\/\/zonaroja.com.mx\/index.php?rest_route=%2Fwp%2Fv2%2Fmedia&parent=40817"}],"wp:term":[{"taxonomy":"category","embeddable":true,"href":"https:\/\/zonaroja.com.mx\/index.php?rest_route=%2Fwp%2Fv2%2Fcategories&post=40817"},{"taxonomy":"post_tag","embeddable":true,"href":"https:\/\/zonaroja.com.mx\/index.php?rest_route=%2Fwp%2Fv2%2Ftags&post=40817"}],"curies":[{"name":"wp","href":"https:\/\/api.w.org\/{rel}","templated":true}]}}