{"id":40819,"date":"2022-05-05T14:20:08","date_gmt":"2022-05-05T19:20:08","guid":{"rendered":"https:\/\/www.zonaroja.com.mx\/?p=40819"},"modified":"2022-05-05T14:20:11","modified_gmt":"2022-05-05T19:20:11","slug":"colectivos-feministas-demandan-destitucion-de-policias-agresores-martinez-neri-calla","status":"publish","type":"post","link":"https:\/\/zonaroja.com.mx\/?p=40819","title":{"rendered":"Colectivos feministas demandan destituci\u00f3n de polic\u00edas agresores; Mart\u00ednez Neri calla"},"content":{"rendered":"\n<p>Yuridiana Sosa\/Zona Roja.<\/p>\n\n\n\n<p>Oaxaca de Ju\u00e1rez, Oax., 5 de mayo de 2022.- A dos d\u00edas de la agresi\u00f3n de los polic\u00edas municipales de Oaxaca de Ju\u00e1rez contra un grupo de mujeres en el palacio municipal, el edil Francisco Mart\u00ednez Neri calla y se mantiene omiso en el caso, por lo que colectivos feministas alzaron la voz para exigir la destituci\u00f3n de los elementos y protecci\u00f3n a la s\u00edndica primera, quien result\u00f3 golpeada.<\/p>\n\n\n\n<p>El pasado 3 de mayo, durante una protesta de habitantes de la agencia de Montoya en palacio municipal, un grupo de mujeres fue agredida por elementos policiacos para desactivar la manifestaci\u00f3n con motivo del resultado electoral en su agencia. <\/p>\n\n\n\n<p>Las mujeres que resguardaban por la parte interior el acceso principal comenzaron a ser empujadas y golpeadas por los uniformados, quienes sin medir distancia ni razonamiento de sus actos tambi\u00e9n agredieron a la s\u00edndica Primera, Nancy Mota Figueroa, quien lleg\u00f3 al punto para tratar de detener el zafarrancho.<\/p>\n\n\n\n<p>Por varios minutos, como se aprecia en diversos videos que circulan en redes sociales, la funcionaria pidi\u00f3 a los elementos que se detuvieran, replegaran y dejaran de agredir al grupo de inconformes, en su mayor\u00eda mujeres, pero la ignoraron.<\/p>\n\n\n\n<p>A dos d\u00edas del hecho, el edil Francisco Mart\u00ednez Neri no se ha pronunciado, ni anunciado sanciones, por lo que diversos colectivos feministas exigieron que condene estos actos, as\u00ed como tome medidas en contra de la actuaci\u00f3n de los polic\u00edas agresores, como es su destituci\u00f3n, pues \u201cempe\u00f1\u00f3 su palabra afirmando que en su administraci\u00f3n no se permitir\u00edan actos de violencia contra las mujeres\u201d.<\/p>\n\n\n\n<p>El grupo de defensoras tambi\u00e9n demandan la intervenci\u00f3n del Secretario de Seguridad P\u00fablica de Oaxaca de Ju\u00e1rez, Ra\u00fal \u00c1vila Ibarra, del Instituto Municipal de la Mujer, la Defensor\u00eda de los Derechos Humanos, as\u00ed como las instancias municipales y estatales competentes para garantizar la protecci\u00f3n de la Sindica Nancy Mota Figueroa y de las mujeres que resultaron lesionadas en dicha acci\u00f3n de represi\u00f3n policial.<\/p>\n\n\n\n<p>\u201cEste hecho representa la necesidad de atender las recomendaciones que se han hecho al municipio, ya que tiene la alerta de violencia de g\u00e9nero\u201d, apunt\u00f3 el colectivo.<\/p>\n\n\n\n<p>Entre los firmantes de un desplegado se encuentran la Uni\u00f3n de Mujeres de Santa Rosa, Mujeres en Defensa del Territorio \u201cNi\u00f1o Artillero\u201d, Colonias Unidad de Santa Rosa, Colectivo de Mujeres Oaxaca, Consorcio Oaxaca, MULT, entre otros. <\/p>\n","protected":false},"excerpt":{"rendered":"<p>Yuridiana Sosa\/Zona Roja. Oaxaca de Ju\u00e1rez, Oax., 5 de mayo de 2022.- A dos d\u00edas&hellip;<\/p>\n","protected":false},"author":2,"featured_media":37587,"comment_status":"closed","ping_status":"open","sticky":false,"template":"","format":"standard","meta":{"_lmt_disableupdate":"","_lmt_disable":"","_jetpack_memberships_contains_paid_content":false,"footnotes":""},"categories":[109,47],"tags":[],"class_list":["post-40819","post","type-post","status-publish","format-standard","has-post-thumbnail","hentry","category-minuto-a-minuto","category-zona-gris"],"jetpack_featured_media_url":"https:\/\/zonaroja.com.mx\/wp-content\/uploads\/2022\/02\/Nancy-Mota-y-Felipe-Canseco-Ruiz.jpg","jetpack_sharing_enabled":true,"_links":{"self":[{"href":"https:\/\/zonaroja.com.mx\/index.php?rest_route=\/wp\/v2\/posts\/40819","targetHints":{"allow":["GET"]}}],"collection":[{"href":"https:\/\/zonaroja.com.mx\/index.php?rest_route=\/wp\/v2\/posts"}],"about":[{"href":"https:\/\/zonaroja.com.mx\/index.php?rest_route=\/wp\/v2\/types\/post"}],"author":[{"embeddable":true,"href":"https:\/\/zonaroja.com.mx\/index.php?rest_route=\/wp\/v2\/users\/2"}],"replies":[{"embeddable":true,"href":"https:\/\/zonaroja.com.mx\/index.php?rest_route=%2Fwp%2Fv2%2Fcomments&post=40819"}],"version-history":[{"count":1,"href":"https:\/\/zonaroja.com.mx\/index.php?rest_route=\/wp\/v2\/posts\/40819\/revisions"}],"predecessor-version":[{"id":40820,"href":"https:\/\/zonaroja.com.mx\/index.php?rest_route=\/wp\/v2\/posts\/40819\/revisions\/40820"}],"wp:featuredmedia":[{"embeddable":true,"href":"https:\/\/zonaroja.com.mx\/index.php?rest_route=\/wp\/v2\/media\/37587"}],"wp:attachment":[{"href":"https:\/\/zonaroja.com.mx\/index.php?rest_route=%2Fwp%2Fv2%2Fmedia&parent=40819"}],"wp:term":[{"taxonomy":"category","embeddable":true,"href":"https:\/\/zonaroja.com.mx\/index.php?rest_route=%2Fwp%2Fv2%2Fcategories&post=40819"},{"taxonomy":"post_tag","embeddable":true,"href":"https:\/\/zonaroja.com.mx\/index.php?rest_route=%2Fwp%2Fv2%2Ftags&post=40819"}],"curies":[{"name":"wp","href":"https:\/\/api.w.org\/{rel}","templated":true}]}}