{"id":40822,"date":"2022-05-05T16:58:38","date_gmt":"2022-05-05T21:58:38","guid":{"rendered":"https:\/\/www.zonaroja.com.mx\/?p=40822"},"modified":"2022-05-05T17:21:02","modified_gmt":"2022-05-05T22:21:02","slug":"se-agravan-bloqueos-y-protestas-en-istmo-ante-incompetencia-de-segego","status":"publish","type":"post","link":"https:\/\/zonaroja.com.mx\/?p=40822","title":{"rendered":"Se agravan bloqueos y protestas en Istmo, ante incompetencia de Segego"},"content":{"rendered":"\n<p>Yuridiana Sosa\/Zona Roja.<\/p>\n\n\n\n<p>Oaxaca de Ju\u00e1rez, Oax., 5 de mayo de 2022.- La ineficaz intervenci\u00f3n de la Secretar\u00eda General de Gobierno de Oaxaca (Segego) dieron como resultado el registro de al menos tres manifestaciones y bloqueos,&nbsp;este jueves, en distintos puntos de la regi\u00f3n del Istmo, donde desde hace cinco d\u00edas un grupo de habitantes mantienen un cierre a v\u00edas federales y se advierte de uno m\u00e1s.<\/p>\n\n\n\n<p>Las protestas son por diversos motivos, pero resaltan las desatenciones de la autoridad estatal para resolver sus demandas, por lo que recurren a estas medidas.<\/p>\n\n\n\n<p>En la comunidad de Tolosita, del municipio de Mat\u00edas Romero, los pobladores y ejidatarios activaron un bloqueo en las v\u00edas f\u00e9rreas para exigir cumplimiento de las obras por parte de representantes en Oaxaca del Corredor Trans\u00edstmico.&nbsp;<\/p>\n\n\n\n<p>La manifestaci\u00f3n se llevar\u00e1 a cabo por tiempo indefinido hasta que autoridades, estatales o federales, los atiendan.<\/p>\n\n\n\n<p>Por desatenciones a\u00f1ejas, otro grupo de pobladores y hasta autoridades de Salina Cruz se manifestaron&nbsp;este jueves&nbsp;para exigir el pago de los da\u00f1os ocasionados por el derrame de hidrocarburo de Petr\u00f3leos Mexicanos (Pemex) en La Ventosa.<\/p>\n\n\n\n<p>La protesta, en la que tambi\u00e9n exigieron un plan estrat\u00e9gico para evitar m\u00e1s contaminaci\u00f3n, se llev\u00f3 a cabo fuera de la refiner\u00eda \u201cIng. Antonio Doval\u00ed Jaime\u201c al considerar que Pemex los ha enga\u00f1ado con la reparaci\u00f3n de los da\u00f1os registrados por fugas, ocurridas el pasado 5 de marzo y el 28 de abril.<\/p>\n\n\n\n<p>Representantes de 400 pescadores afectados de La Ventosa , el presidente municipal Daniel M\u00e9ndez Sosa y el agente municipal, Ernesto Pacheco, primero marcharon de la calzada La Refiner\u00eda con destino a las instalaciones.&nbsp;<\/p>\n\n\n\n<p>Esta manifestaci\u00f3n continuar\u00e1 hasta que se cumplan sus demandas, advirtieron.<\/p>\n\n\n\n<p>PROLONGADA PROTESTA<\/p>\n\n\n\n<p>Desde hace cinco d\u00edas, habitantes de la agencia municipal de La Noria, perteneciente a Santo Domingo Tehuantepec, mantienen un bloqueo en la carretera 185 Trans\u00edstmica tramo Tehuantepec -Salina Cruz, en el punto conocido como La Noria.<\/p>\n\n\n\n<p>A pesar de los da\u00f1os que acusa a la v\u00eda de comunicaci\u00f3n, con impactos econ\u00f3micos para la regi\u00f3n, la Secretar\u00eda General de Gobierno (Segego) no ofrece resultados para desactivar el bloqueo, el cual inici\u00f3 por la inconformidad de un grupo de habitantes con el resultado de la elecci\u00f3n de autoridades auxiliares.&nbsp;<\/p>\n\n\n\n<p>Los inconformes demandaron a la Segego intervenci\u00f3n, pues la autoridad municipal se niega a acceder a la realizaci\u00f3n de otra jornada de elecciones, pero esta petici\u00f3n no ha sido atendida.&nbsp;<\/p>\n\n\n\n<p>Sobre esta carretera se encuentran decenas de veh\u00edculos, principalmente unidades de carga que esperan el libre tr\u00e1nsito, o en su caso, den paso por un lapso de tiempo, pero por el cual han reportado deben pagar una cuota.<\/p>\n\n\n\n<p>&nbsp;Mientras que en las \u00faltimas horas otros ciudadanos expresan la necesidad de la intervenci\u00f3n de fuerzas polic\u00edas para desalojar a los manifestantes&nbsp;<\/p>\n\n\n\n<p>LATENTE OTRO BLOQUEO<\/p>\n\n\n\n<p>Habitantes inconformes de La Noria, de a Santo Domingo Tehuantepec, anunciaron que ante la falta de atenci\u00f3n para dialogar con las autoridades prev\u00e9n la instalaci\u00f3n de otro bloqueo carretera panamericana, ahora en el tramo Tehuantepec \u2013 Jalapa del Marqu\u00e9s, a la altura del distribuidor vial conocido como El Caracol.<\/p>\n\n\n\n<p>El bloqueo se planea para ese viernes, a trav\u00e9s del cual tambi\u00e9n demandar\u00e1n la conexi\u00f3n a la red de agua potable que suministra al fraccionamiento La Noria, por involucrarse en la elecci\u00f3n de la agencia. <\/p>\n","protected":false},"excerpt":{"rendered":"<p>Yuridiana Sosa\/Zona Roja. Oaxaca de Ju\u00e1rez, Oax., 5 de mayo de 2022.- La ineficaz intervenci\u00f3n&hellip;<\/p>\n","protected":false},"author":2,"featured_media":40821,"comment_status":"closed","ping_status":"open","sticky":false,"template":"","format":"standard","meta":{"_lmt_disableupdate":"","_lmt_disable":"","_jetpack_memberships_contains_paid_content":false,"footnotes":""},"categories":[109,47],"tags":[],"class_list":["post-40822","post","type-post","status-publish","format-standard","has-post-thumbnail","hentry","category-minuto-a-minuto","category-zona-gris"],"jetpack_featured_media_url":"https:\/\/zonaroja.com.mx\/wp-content\/uploads\/2022\/05\/img_7074.jpg","jetpack_sharing_enabled":true,"_links":{"self":[{"href":"https:\/\/zonaroja.com.mx\/index.php?rest_route=\/wp\/v2\/posts\/40822","targetHints":{"allow":["GET"]}}],"collection":[{"href":"https:\/\/zonaroja.com.mx\/index.php?rest_route=\/wp\/v2\/posts"}],"about":[{"href":"https:\/\/zonaroja.com.mx\/index.php?rest_route=\/wp\/v2\/types\/post"}],"author":[{"embeddable":true,"href":"https:\/\/zonaroja.com.mx\/index.php?rest_route=\/wp\/v2\/users\/2"}],"replies":[{"embeddable":true,"href":"https:\/\/zonaroja.com.mx\/index.php?rest_route=%2Fwp%2Fv2%2Fcomments&post=40822"}],"version-history":[{"count":1,"href":"https:\/\/zonaroja.com.mx\/index.php?rest_route=\/wp\/v2\/posts\/40822\/revisions"}],"predecessor-version":[{"id":40823,"href":"https:\/\/zonaroja.com.mx\/index.php?rest_route=\/wp\/v2\/posts\/40822\/revisions\/40823"}],"wp:featuredmedia":[{"embeddable":true,"href":"https:\/\/zonaroja.com.mx\/index.php?rest_route=\/wp\/v2\/media\/40821"}],"wp:attachment":[{"href":"https:\/\/zonaroja.com.mx\/index.php?rest_route=%2Fwp%2Fv2%2Fmedia&parent=40822"}],"wp:term":[{"taxonomy":"category","embeddable":true,"href":"https:\/\/zonaroja.com.mx\/index.php?rest_route=%2Fwp%2Fv2%2Fcategories&post=40822"},{"taxonomy":"post_tag","embeddable":true,"href":"https:\/\/zonaroja.com.mx\/index.php?rest_route=%2Fwp%2Fv2%2Ftags&post=40822"}],"curies":[{"name":"wp","href":"https:\/\/api.w.org\/{rel}","templated":true}]}}