{"id":40825,"date":"2022-05-05T18:25:03","date_gmt":"2022-05-05T23:25:03","guid":{"rendered":"http:\/\/www.zonaroja.com.mx\/?p=40825"},"modified":"2022-05-05T18:33:46","modified_gmt":"2022-05-05T23:33:46","slug":"continuan-acciones-preventivas-en-santa-lucia-del-camino-ante-temporada-de-lluvias","status":"publish","type":"post","link":"https:\/\/zonaroja.com.mx\/?p=40825","title":{"rendered":"Contin\u00faan acciones preventivas en Santa Luc\u00eda del Camino, ante temporada de lluvias"},"content":{"rendered":"\n<p>Redacci\u00f3n\/Zona Roja.<\/p>\n\n\n\n<p>Oaxaca de Ju\u00e1rez, Oax., 5 de mayo de 2022.- El presidente municipal de Santa Luc\u00eda del Camino, Juan Carlos Garc\u00eda M\u00e1rquez, contin\u00faa supervisando las acciones que se realizan para prevenir el desbordamiento del r\u00edo \u201cSalado\u201d, ante la venidera temporada de lluvias.<\/p>\n\n\n\n<p>Acompa\u00f1ado por el presidente de la colonia Ampliaci\u00f3n Santa Luc\u00eda, Garc\u00eda M\u00e1rquez recorri\u00f3 el afluente de este r\u00edo que pasa por el municipio, en donde personal del ayuntamiento trabaja en su limpieza y desazolve.<\/p>\n\n\n\n<p>\u201cSiempre existe el riesgo que en la temporada de lluvias pueda haber un desbordamiento, tenemos varios r\u00edos y arroyos que cruzan nuestro municipio, y lamentablemente en temporada de lluvias eso nos mantiene siempre muy al pendiente de que pueda suscitarse un desbordamiento\u201d, se\u00f1al\u00f3 el edil.<\/p>\n\n\n\n<p>Es por ello, recalc\u00f3 el edil, el personal del ayuntamiento de Santa Luc\u00eda del Camino realiza de manera constante la limpieza y desazolve de los afluentes, para as\u00ed evitar mayores riesgos al patrimonio de las familias de nuestro municipio.<\/p>\n\n\n\n<p>\u201cAfortunadamente todo avanza sin contratiempos, por lo que esperamos que en las pr\u00f3ximas dos semanas estaremos concluyendo con el r\u00edo \u201cSalado\u201d, y ya se iniciaron los trabajos en los otros r\u00edos que pasan por nuestro municipio\u201d, resalt\u00f3 Juan Carlos Garc\u00eda M\u00e1rquez, quien pidi\u00f3 a la ciudadan\u00eda su apoyo para atender de manera oportuna cualquier incidencia en esta temporada de lluvias.<\/p>\n","protected":false},"excerpt":{"rendered":"<p>Redacci\u00f3n\/Zona Roja. Oaxaca de Ju\u00e1rez, Oax., 5 de mayo de 2022.- El presidente municipal de&hellip;<\/p>\n","protected":false},"author":2,"featured_media":40828,"comment_status":"closed","ping_status":"open","sticky":false,"template":"","format":"standard","meta":{"_lmt_disableupdate":"","_lmt_disable":"","_jetpack_memberships_contains_paid_content":false,"footnotes":""},"categories":[109,46],"tags":[337],"class_list":["post-40825","post","type-post","status-publish","format-standard","has-post-thumbnail","hentry","category-minuto-a-minuto","category-zona-blanca","tag-santa-lucia-del-camino"],"jetpack_featured_media_url":"https:\/\/zonaroja.com.mx\/wp-content\/uploads\/2022\/05\/2ce0aab1-8e49-48d1-a34e-4ec202b7447a.jpg","jetpack_sharing_enabled":true,"_links":{"self":[{"href":"https:\/\/zonaroja.com.mx\/index.php?rest_route=\/wp\/v2\/posts\/40825","targetHints":{"allow":["GET"]}}],"collection":[{"href":"https:\/\/zonaroja.com.mx\/index.php?rest_route=\/wp\/v2\/posts"}],"about":[{"href":"https:\/\/zonaroja.com.mx\/index.php?rest_route=\/wp\/v2\/types\/post"}],"author":[{"embeddable":true,"href":"https:\/\/zonaroja.com.mx\/index.php?rest_route=\/wp\/v2\/users\/2"}],"replies":[{"embeddable":true,"href":"https:\/\/zonaroja.com.mx\/index.php?rest_route=%2Fwp%2Fv2%2Fcomments&post=40825"}],"version-history":[{"count":1,"href":"https:\/\/zonaroja.com.mx\/index.php?rest_route=\/wp\/v2\/posts\/40825\/revisions"}],"predecessor-version":[{"id":40826,"href":"https:\/\/zonaroja.com.mx\/index.php?rest_route=\/wp\/v2\/posts\/40825\/revisions\/40826"}],"wp:featuredmedia":[{"embeddable":true,"href":"https:\/\/zonaroja.com.mx\/index.php?rest_route=\/wp\/v2\/media\/40828"}],"wp:attachment":[{"href":"https:\/\/zonaroja.com.mx\/index.php?rest_route=%2Fwp%2Fv2%2Fmedia&parent=40825"}],"wp:term":[{"taxonomy":"category","embeddable":true,"href":"https:\/\/zonaroja.com.mx\/index.php?rest_route=%2Fwp%2Fv2%2Fcategories&post=40825"},{"taxonomy":"post_tag","embeddable":true,"href":"https:\/\/zonaroja.com.mx\/index.php?rest_route=%2Fwp%2Fv2%2Ftags&post=40825"}],"curies":[{"name":"wp","href":"https:\/\/api.w.org\/{rel}","templated":true}]}}