{"id":4083,"date":"2019-09-18T09:09:07","date_gmt":"2019-09-18T14:09:07","guid":{"rendered":"http:\/\/www.zonaroja.com.mx\/?p=4083"},"modified":"2019-09-18T09:09:09","modified_gmt":"2019-09-18T14:09:09","slug":"en-riesgo-la-estabilidad-financiera-de-la-uabjo-si-no-se-modifica-sistema-de-pensiones","status":"publish","type":"post","link":"https:\/\/zonaroja.com.mx\/?p=4083","title":{"rendered":"En riesgo la estabilidad financiera de la UABJO si no se modifica sistema de pensiones"},"content":{"rendered":"\n<p>Redacci\u00f3n\/Zona\nRoja.<\/p>\n\n\n\n<p>Oaxaca de\nJu\u00e1rez, Oax., 18 de septiembre de 2019.- El rector de la Universidad Aut\u00f3noma\n\u201cBenito Ju\u00e1rez\u201d de Oaxaca, Eduardo Bautista Mart\u00ednez, manifest\u00f3 la urgente\nnecesidad de reformar el Sistema de Pensiones y Prestaciones al interior de la\nm\u00e1xima casa de estudios, a fin de mejorar la estabilidad financiera que\nactualmente se encuentra en riesgo constante.<\/p>\n\n\n\n<p>\u201cEs\nnecesario que toda la comunidad universitaria este consiente de que es\ninminente realizar en forma inmediata las reformas al actual sistema de\npensiones esto debido a los pasivos que se generan y que incrementar\u00e1n\ngradualmente por pagos a jubilados, aunado a las nuevas contrataciones\u201d,\nasegur\u00f3 el funcionario universitario.&nbsp; <\/p>\n\n\n\n<p>En este\nsentido, detall\u00f3 que no de efectuar la reforma, la administraci\u00f3n de la UABJO\nquedar\u00e1 en manos del gobierno federal quien establecer\u00e1 sus propias reglas y\ncondiciones, que seguramente no ser\u00e1n las de mayor beneficio y apoyo a la base\ntrabajadora.&nbsp; <\/p>\n\n\n\n<p>Bautista\nMart\u00ednez puntualiz\u00f3 que la situaci\u00f3n que guarda la UABJO en el tema de\npensiones es totalmente inviable desde el punto de vista financiero, ya que el\nd\u00e9ficit por pensiones y jubilaciones es de 300 millones de pesos por a\u00f1o, por\nlo que de no efectuarse la reforma, la fuente de empleo est\u00e1 en riesgo para\nquienes laboran al interior de la instituci\u00f3n.<\/p>\n\n\n\n<p>Por lo anterior\nhizo un llamado a las representaciones sindicales al interior de la m\u00e1xima casa\nde estudios, con quienes mantiene reuniones permanentes, ya que ser\u00e1 mediante\nel trabajo en conjunto con las autoridades universitarias que tendr\u00e1n que\nplantear una estrategia que permita la revisi\u00f3n justa al tabulador salarial y\nel reconocimiento de la plantilla de las y los trabajadores universitarios ante\nla SEP.<\/p>\n\n\n\n<p>\u201cSe trata de\nun tema de sostenibilidad al interior de la universidad, tenemos que trabajar\nen equipo y caminar para el mismo lado\u201d, asegur\u00f3 el rector de la universidad\noaxaque\u00f1a.<\/p>\n\n\n\n<p>Explic\u00f3 que\nla propuesta de reforma ha sido realizada por Valuaciones Actuariales del Norte\nS.C., consultora externa avalada por la Secretaria de Educaci\u00f3n P\u00fablica, a fin\nde iniciar las acciones para solucionar o atenuar la crisis financiera a la que\nse enfrentan las universidades p\u00fablicas, incluida la UABJO.<\/p>\n\n\n\n<p>En su\ndiagn\u00f3stico la consultora confirm\u00f3 que el actual sistema de jubilaciones, al\ninterior de la universidad, tiene un efecto negativo en la estabilidad\nfinanciera, por lo que promueve la reforma a la par de las gestiones que\npermitan consolidar la revisi\u00f3n al tabulador salarial para docentes y personal\nadministrativo; as\u00ed como el reconocimiento de la plantilla actual, que permita\nuna retribuci\u00f3n econ\u00f3mica m\u00e1s justa.<\/p>\n","protected":false},"excerpt":{"rendered":"<p>Redacci\u00f3n\/Zona Roja. Oaxaca de Ju\u00e1rez, Oax., 18 de septiembre de 2019.- El rector de la&hellip;<\/p>\n","protected":false},"author":2,"featured_media":2376,"comment_status":"closed","ping_status":"open","sticky":false,"template":"","format":"standard","meta":{"_lmt_disableupdate":"","_lmt_disable":"","_jetpack_memberships_contains_paid_content":false,"footnotes":""},"categories":[109,47],"tags":[360,282],"class_list":["post-4083","post","type-post","status-publish","format-standard","has-post-thumbnail","hentry","category-minuto-a-minuto","category-zona-gris","tag-rector-eduardo-bautista-martinez","tag-universidad-autonoma-benito-juarez-de-oaxaca"],"jetpack_featured_media_url":"https:\/\/zonaroja.com.mx\/wp-content\/uploads\/2019\/07\/IMG_1018.jpg","jetpack_sharing_enabled":true,"_links":{"self":[{"href":"https:\/\/zonaroja.com.mx\/index.php?rest_route=\/wp\/v2\/posts\/4083","targetHints":{"allow":["GET"]}}],"collection":[{"href":"https:\/\/zonaroja.com.mx\/index.php?rest_route=\/wp\/v2\/posts"}],"about":[{"href":"https:\/\/zonaroja.com.mx\/index.php?rest_route=\/wp\/v2\/types\/post"}],"author":[{"embeddable":true,"href":"https:\/\/zonaroja.com.mx\/index.php?rest_route=\/wp\/v2\/users\/2"}],"replies":[{"embeddable":true,"href":"https:\/\/zonaroja.com.mx\/index.php?rest_route=%2Fwp%2Fv2%2Fcomments&post=4083"}],"version-history":[{"count":1,"href":"https:\/\/zonaroja.com.mx\/index.php?rest_route=\/wp\/v2\/posts\/4083\/revisions"}],"predecessor-version":[{"id":4084,"href":"https:\/\/zonaroja.com.mx\/index.php?rest_route=\/wp\/v2\/posts\/4083\/revisions\/4084"}],"wp:featuredmedia":[{"embeddable":true,"href":"https:\/\/zonaroja.com.mx\/index.php?rest_route=\/wp\/v2\/media\/2376"}],"wp:attachment":[{"href":"https:\/\/zonaroja.com.mx\/index.php?rest_route=%2Fwp%2Fv2%2Fmedia&parent=4083"}],"wp:term":[{"taxonomy":"category","embeddable":true,"href":"https:\/\/zonaroja.com.mx\/index.php?rest_route=%2Fwp%2Fv2%2Fcategories&post=4083"},{"taxonomy":"post_tag","embeddable":true,"href":"https:\/\/zonaroja.com.mx\/index.php?rest_route=%2Fwp%2Fv2%2Ftags&post=4083"}],"curies":[{"name":"wp","href":"https:\/\/api.w.org\/{rel}","templated":true}]}}