{"id":40834,"date":"2022-05-05T21:33:27","date_gmt":"2022-05-06T02:33:27","guid":{"rendered":"http:\/\/www.zonaroja.com.mx\/?p=40834"},"modified":"2022-05-05T21:33:29","modified_gmt":"2022-05-06T02:33:29","slug":"augura-lider-nacional-de-morena-que-salomon-jara-sera-proximo-gobernador","status":"publish","type":"post","link":"https:\/\/zonaroja.com.mx\/?p=40834","title":{"rendered":"Augura l\u00edder nacional de Morena que Salom\u00f3n Jara ser\u00e1 pr\u00f3ximo gobernador"},"content":{"rendered":"\n<p>Redacci\u00f3n\/Zona Roja.<\/p>\n\n\n\n<p>Oaxaca de Ju\u00e1rez, Oax., 5 de mayo de&nbsp; 2022.- Desde San Pedro Tapanatepec, el l\u00edder nacional de Morena, Mario Delgado Carrillo, asegur\u00f3 que Salom\u00f3n Jara Cruz ser\u00e1 el pr\u00f3ximo gobernador del estado de Oaxaca.<\/p>\n\n\n\n<p>Durante un recorrido por ese municipio el dirigente nacional presenci\u00f3 el gran apoyo a su candidato, quien dijo, ser\u00e1 triunfador de la elecci\u00f3n del pr\u00f3ximo mes de junio, con el apoyo de toda la gente que reconoce a Salom\u00f3n Jara Cruz como el mejor candidato para gobernar Oaxaca.<\/p>\n\n\n\n<p>Asegur\u00f3 que ya es momento de que la Cuarta Transformaci\u00f3n llegue a Oaxaca, y dejar a atr\u00e1s a los gobiernos que tanto han saqueado la entidad.<\/p>\n\n\n\n<p>Reconoci\u00f3 en Salom\u00f3n Jara a un gran hombre, que no ser\u00e1 un gobernador de escritorio sino que trabajar\u00e1 a ras de tierra.<\/p>\n\n\n\n<p>Dijo que los oaxaque\u00f1os a partir del pr\u00f3ximo 1 de diciembre, tendr\u00e1n un aliado que llevar\u00e1 bienestar a los 570 municipios.<\/p>\n\n\n\n<p>\u201cCon la llegada de Salom\u00f3n Jara Cruz comenzar\u00e1 una nueva historia para el pueblo de #Oaxaca; una nueva etapa de prosperidad, bienestar y sobre todo de justicia para las y los oaxaque\u00f1os. \u00a1El pueblo respalda a su pr\u00f3ximo gobernador\u201d, finaliz\u00f3.<\/p>\n\n\n\n<p>Es de se\u00f1alar que actualmente, Salom\u00f3n Jara Cruz se encuentra arriba de las encuestas para la gubernatura de Oaxaca y se encuentra nuevamente visitando los municipios del territorio oaxaque\u00f1o.<\/p>\n\n\n\n<figure class=\"wp-block-embed is-type-rich is-provider-twitter wp-block-embed-twitter\"><div class=\"wp-block-embed__wrapper\">\n<div class=\"twitter-tweet\"><blockquote class=\"twitter-tweet\" data-lang=\"es\"><p lang=\"es\" dir=\"ltr\"><a href=\"https:\/\/twitter.com\/hashtag\/EleccionesOaxaca2022?src=hash&amp;ref_src=twsrc%5Etfw\">#EleccionesOaxaca2022<\/a><br>\u201cEste gobierno, que ser\u00e1 por primera vez desde abajo, es un gobierno de esperanza\u201d, dijo ayer <a href=\"https:\/\/twitter.com\/salomonj?ref_src=twsrc%5Etfw\">@salomonj<\/a> desde el Istmo de Tehuantepec, donde recibi\u00f3 el respaldo del dirigente nacional de Morena, <a href=\"https:\/\/twitter.com\/mario_delgado?ref_src=twsrc%5Etfw\">@mario_delgado<\/a>. <a href=\"https:\/\/t.co\/9PjWThz9e4\">pic.twitter.com\/9PjWThz9e4<\/a><\/p>&mdash; Zona Roja Oaxaca (@ZonaRoja_Oaxaca) <a href=\"https:\/\/twitter.com\/ZonaRoja_Oaxaca\/status\/1522368248674717700?ref_src=twsrc%5Etfw\">6 de mayo de 2022<\/a><\/blockquote><\/div>\n<\/div><\/figure>\n","protected":false},"excerpt":{"rendered":"<p>Redacci\u00f3n\/Zona Roja. Oaxaca de Ju\u00e1rez, Oax., 5 de mayo de&nbsp; 2022.- Desde San Pedro Tapanatepec,&hellip;<\/p>\n","protected":false},"author":2,"featured_media":40835,"comment_status":"closed","ping_status":"open","sticky":false,"template":"","format":"standard","meta":{"_lmt_disableupdate":"","_lmt_disable":"","_jetpack_memberships_contains_paid_content":false,"footnotes":""},"categories":[109,46],"tags":[939],"class_list":["post-40834","post","type-post","status-publish","format-standard","has-post-thumbnail","hentry","category-minuto-a-minuto","category-zona-blanca","tag-salomon-jara-cruz"],"jetpack_featured_media_url":"https:\/\/zonaroja.com.mx\/wp-content\/uploads\/2022\/05\/Salomon-Jara-y-Mario-Delgado-Istmo-1.jpg","jetpack_sharing_enabled":true,"_links":{"self":[{"href":"https:\/\/zonaroja.com.mx\/index.php?rest_route=\/wp\/v2\/posts\/40834","targetHints":{"allow":["GET"]}}],"collection":[{"href":"https:\/\/zonaroja.com.mx\/index.php?rest_route=\/wp\/v2\/posts"}],"about":[{"href":"https:\/\/zonaroja.com.mx\/index.php?rest_route=\/wp\/v2\/types\/post"}],"author":[{"embeddable":true,"href":"https:\/\/zonaroja.com.mx\/index.php?rest_route=\/wp\/v2\/users\/2"}],"replies":[{"embeddable":true,"href":"https:\/\/zonaroja.com.mx\/index.php?rest_route=%2Fwp%2Fv2%2Fcomments&post=40834"}],"version-history":[{"count":1,"href":"https:\/\/zonaroja.com.mx\/index.php?rest_route=\/wp\/v2\/posts\/40834\/revisions"}],"predecessor-version":[{"id":40836,"href":"https:\/\/zonaroja.com.mx\/index.php?rest_route=\/wp\/v2\/posts\/40834\/revisions\/40836"}],"wp:featuredmedia":[{"embeddable":true,"href":"https:\/\/zonaroja.com.mx\/index.php?rest_route=\/wp\/v2\/media\/40835"}],"wp:attachment":[{"href":"https:\/\/zonaroja.com.mx\/index.php?rest_route=%2Fwp%2Fv2%2Fmedia&parent=40834"}],"wp:term":[{"taxonomy":"category","embeddable":true,"href":"https:\/\/zonaroja.com.mx\/index.php?rest_route=%2Fwp%2Fv2%2Fcategories&post=40834"},{"taxonomy":"post_tag","embeddable":true,"href":"https:\/\/zonaroja.com.mx\/index.php?rest_route=%2Fwp%2Fv2%2Ftags&post=40834"}],"curies":[{"name":"wp","href":"https:\/\/api.w.org\/{rel}","templated":true}]}}