{"id":40848,"date":"2022-05-06T07:52:22","date_gmt":"2022-05-06T12:52:22","guid":{"rendered":"http:\/\/www.zonaroja.com.mx\/?p=40848"},"modified":"2022-05-06T07:52:24","modified_gmt":"2022-05-06T12:52:24","slug":"especialistas-de-alemania-capacitan-a-personal-forense-de-la-fiscalia-general","status":"publish","type":"post","link":"https:\/\/zonaroja.com.mx\/?p=40848","title":{"rendered":"Especialistas de Alemania capacitan a personal forense de la Fiscal\u00eda General"},"content":{"rendered":"\n<p>Redacci\u00f3n\/Zona Roja.&nbsp;<\/p>\n\n\n\n<p>Oaxaca de Ju\u00e1rez, Oax., 6 de mayo de 2022.- Como parte del proceso continuo de formaci\u00f3n y profesionalizaci\u00f3n del personal que labora en la Fiscal\u00eda General del Estado de Oaxaca (FGEO), el pasado martes 3 de mayo se llev\u00f3 a cabo el curso de \u201cFotograf\u00eda Forense\u201d, impartido por personal de la Universidad Alemana de Frankfurt am Main, que fue dirigido a Peritos del Instituto de Servicios Periciales, elementos de la Agencia Estatal de Investigaciones (AEI) y personal de la Vicefiscal\u00eda General de Atenci\u00f3n a V\u00edctimas y a la Sociedad.<\/p>\n\n\n\n<p>Este curso se realiz\u00f3 en el marco del programa de Colaboraci\u00f3n Universitaria Germano-Mexicana para Promover el Intercambio Acad\u00e9mico entre M\u00e9dicos Forenses en M\u00e9xico y Alemania (CoCiMEX), organizado por el Instituto de Servicios Periciales y el Instituto de Formaci\u00f3n y Capacitaci\u00f3n Profesional de la FGEO, adem\u00e1s de la Universidad Aut\u00f3noma \u201cBenito Ju\u00e1rez\u201d de Oaxaca (UABJO).<\/p>\n\n\n\n<p>A trav\u00e9s de este curso, el personal multidisciplinario de la Fiscal\u00eda de Oaxaca desarroll\u00f3 capacidades, adquiri\u00f3 conocimientos y se profesionaliz\u00f3 en el \u00e1mbito de la fotograf\u00eda forense, t\u00e9cnica indispensable en los actos de investigaci\u00f3n de las Instituciones de procuraci\u00f3n de justicia.<\/p>\n\n\n\n<p>Por otra parte, como parte de su estrecha labor de colaboraci\u00f3n con cuerpos policiacos, la Fiscal\u00eda General imparti\u00f3 talleres en las regiones de la Mixteca y el Istmo de Tehuantepec.<\/p>\n\n\n\n<p>En primera instancia, personal de la Vicefiscal\u00eda Regional de la Mixteca imparti\u00f3 un taller sobre Informe Policial Homologado, Cadena de Custodia y Primer Respondiente a 50 elementos de la Guardia Nacional destacamentados en la Heroica Ciudad de Huajuapan de Le\u00f3n.<\/p>\n\n\n\n<p>Asimismo, en el municipio de Barrio de la Soledad, en la regi\u00f3n del Istmo, personal de la Vicefiscal\u00eda Regional del Istmo imparti\u00f3 el taller de Primeras Diligencias e Informe Policial Homologado, dirigido a polic\u00edas municipales.<\/p>\n\n\n\n<p>A trav\u00e9s de estas actividades de capacitaci\u00f3n, se refuerzan las habilidades, capacidades operativas y conocimientos de los cuerpos de seguridad en la entidad.<\/p>\n\n\n\n<p>La Fiscal\u00eda General es una Instituci\u00f3n a la vanguardia, comprometida con brindarle a la ciudadan\u00eda un mejor servicio en materia de procuraci\u00f3n de justicia.<\/p>\n","protected":false},"excerpt":{"rendered":"<p>Redacci\u00f3n\/Zona Roja.&nbsp; Oaxaca de Ju\u00e1rez, Oax., 6 de mayo de 2022.- Como parte del proceso&hellip;<\/p>\n","protected":false},"author":2,"featured_media":40841,"comment_status":"closed","ping_status":"open","sticky":false,"template":"","format":"standard","meta":{"_lmt_disableupdate":"","_lmt_disable":"","_jetpack_memberships_contains_paid_content":false,"footnotes":""},"categories":[109,46],"tags":[494],"class_list":["post-40848","post","type-post","status-publish","format-standard","has-post-thumbnail","hentry","category-minuto-a-minuto","category-zona-blanca","tag-fiscalia-general-del-estado-de-oaxaca"],"jetpack_featured_media_url":"https:\/\/zonaroja.com.mx\/wp-content\/uploads\/2022\/05\/Capacitacion-forense-Fiscalia-Oaxaca.jpg","jetpack_sharing_enabled":true,"_links":{"self":[{"href":"https:\/\/zonaroja.com.mx\/index.php?rest_route=\/wp\/v2\/posts\/40848","targetHints":{"allow":["GET"]}}],"collection":[{"href":"https:\/\/zonaroja.com.mx\/index.php?rest_route=\/wp\/v2\/posts"}],"about":[{"href":"https:\/\/zonaroja.com.mx\/index.php?rest_route=\/wp\/v2\/types\/post"}],"author":[{"embeddable":true,"href":"https:\/\/zonaroja.com.mx\/index.php?rest_route=\/wp\/v2\/users\/2"}],"replies":[{"embeddable":true,"href":"https:\/\/zonaroja.com.mx\/index.php?rest_route=%2Fwp%2Fv2%2Fcomments&post=40848"}],"version-history":[{"count":1,"href":"https:\/\/zonaroja.com.mx\/index.php?rest_route=\/wp\/v2\/posts\/40848\/revisions"}],"predecessor-version":[{"id":40849,"href":"https:\/\/zonaroja.com.mx\/index.php?rest_route=\/wp\/v2\/posts\/40848\/revisions\/40849"}],"wp:featuredmedia":[{"embeddable":true,"href":"https:\/\/zonaroja.com.mx\/index.php?rest_route=\/wp\/v2\/media\/40841"}],"wp:attachment":[{"href":"https:\/\/zonaroja.com.mx\/index.php?rest_route=%2Fwp%2Fv2%2Fmedia&parent=40848"}],"wp:term":[{"taxonomy":"category","embeddable":true,"href":"https:\/\/zonaroja.com.mx\/index.php?rest_route=%2Fwp%2Fv2%2Fcategories&post=40848"},{"taxonomy":"post_tag","embeddable":true,"href":"https:\/\/zonaroja.com.mx\/index.php?rest_route=%2Fwp%2Fv2%2Ftags&post=40848"}],"curies":[{"name":"wp","href":"https:\/\/api.w.org\/{rel}","templated":true}]}}