{"id":40852,"date":"2022-05-06T08:20:18","date_gmt":"2022-05-06T13:20:18","guid":{"rendered":"http:\/\/www.zonaroja.com.mx\/?p=40852"},"modified":"2022-05-06T08:20:20","modified_gmt":"2022-05-06T13:20:20","slug":"ex-alcaldesa-morenista-de-oaxaca-impedida-para-ejercer-otros-cargos","status":"publish","type":"post","link":"https:\/\/zonaroja.com.mx\/?p=40852","title":{"rendered":"Ex alcaldesa morenista de Oaxaca, impedida para ejercer otros cargos"},"content":{"rendered":"\n<p>Redacci\u00f3n\/Zona Roja.<\/p>\n\n\n\n<p>Oaxaca de Ju\u00e1rez, Oax., 6 de mayo de 2022.- Por mayor\u00eda de votos, el pleno de la Sala Superior del Tribunal Electoral del Poder Judicial de la Federaci\u00f3n (TEPJF) modific\u00f3 la sentencia dictada por la Sala Regional Xalapa, relacionada con la imposici\u00f3n de una disculpa p\u00fablica por parte de los actuales integrantes del ayuntamiento de San Jacinto Amilpas, Oaxaca, en favor de dos ex concejalas, derivado de la comisi\u00f3n de actos de violencia pol\u00edtica de g\u00e9nero y obstrucci\u00f3n de su cargo municipal por parte de la anterior integraci\u00f3n del ayuntamiento.<\/p>\n\n\n\n<p>La sentencia se aprob\u00f3 con con los votos en contra de la magistrada M\u00f3nica Aral\u00ed Soto Fregoso, as\u00ed como de los magistrados Indalfer Infante Gonzales y Jos\u00e9 Luis Vargas Valdez.<\/p>\n\n\n\n<p>En sesi\u00f3n p\u00fablica por videoconferencia, a propuesta del magistrado Felipe de la Mata Piza\u00f1a, el pleno de la Sala Superior consider\u00f3 que:<\/p>\n\n\n\n<p>a. El hecho de que quienes cometieron violencia pol\u00edtica de g\u00e9nero dejen de ocupar el cargo bajo el cual cometieron esos actos no debe traducirse en un incumplimiento sin consecuencias de una medida de reparaci\u00f3n ordenada por \u00f3rganos jurisdiccionales.<\/p>\n\n\n\n<p>b. Es correcto lo establecido por la Sala Xalapa en cuanto a la obligaci\u00f3n de la actual integraci\u00f3n del ayuntamiento de emitir las disculpas p\u00fablicas a las entonces concejalas.<\/p>\n\n\n\n<p>c. Como consecuencias jur\u00eddicas derivadas del incumplimiento de la medida de reparaci\u00f3n, se vincula a las siguientes autoridades:<\/p>\n\n\n\n<p>-Al Tribunal Electoral del Estado de Oaxaca vigilar el cumplimiento de las disculpas p\u00fablicas por parte del Ayuntamiento.<\/p>\n\n\n\n<p>-Al INE y al Instituto Estatal Electoral y de Participaci\u00f3n de Oaxaca registren a la expresidenta municipal en el Registro Nacional de Personas Sancionadas en Materia de Violencia Pol\u00edtica contra las Mujeres en Raz\u00f3n de G\u00e9nero; y se debe declarar la p\u00e9rdida de su modo honesto de vivir para los pr\u00f3ximos procesos electorales ordinarios.<\/p>\n","protected":false},"excerpt":{"rendered":"<p>Redacci\u00f3n\/Zona Roja. Oaxaca de Ju\u00e1rez, Oax., 6 de mayo de 2022.- Por mayor\u00eda de votos,&hellip;<\/p>\n","protected":false},"author":2,"featured_media":20891,"comment_status":"closed","ping_status":"open","sticky":false,"template":"","format":"standard","meta":{"_lmt_disableupdate":"","_lmt_disable":"","_jetpack_memberships_contains_paid_content":false,"footnotes":""},"categories":[109,47],"tags":[366],"class_list":["post-40852","post","type-post","status-publish","format-standard","has-post-thumbnail","hentry","category-minuto-a-minuto","category-zona-gris","tag-yolanda-santos-san-jacinto-amilpas"],"jetpack_featured_media_url":"https:\/\/zonaroja.com.mx\/wp-content\/uploads\/2020\/12\/Yolanda-Santos-Montano.jpg","jetpack_sharing_enabled":true,"_links":{"self":[{"href":"https:\/\/zonaroja.com.mx\/index.php?rest_route=\/wp\/v2\/posts\/40852","targetHints":{"allow":["GET"]}}],"collection":[{"href":"https:\/\/zonaroja.com.mx\/index.php?rest_route=\/wp\/v2\/posts"}],"about":[{"href":"https:\/\/zonaroja.com.mx\/index.php?rest_route=\/wp\/v2\/types\/post"}],"author":[{"embeddable":true,"href":"https:\/\/zonaroja.com.mx\/index.php?rest_route=\/wp\/v2\/users\/2"}],"replies":[{"embeddable":true,"href":"https:\/\/zonaroja.com.mx\/index.php?rest_route=%2Fwp%2Fv2%2Fcomments&post=40852"}],"version-history":[{"count":1,"href":"https:\/\/zonaroja.com.mx\/index.php?rest_route=\/wp\/v2\/posts\/40852\/revisions"}],"predecessor-version":[{"id":40853,"href":"https:\/\/zonaroja.com.mx\/index.php?rest_route=\/wp\/v2\/posts\/40852\/revisions\/40853"}],"wp:featuredmedia":[{"embeddable":true,"href":"https:\/\/zonaroja.com.mx\/index.php?rest_route=\/wp\/v2\/media\/20891"}],"wp:attachment":[{"href":"https:\/\/zonaroja.com.mx\/index.php?rest_route=%2Fwp%2Fv2%2Fmedia&parent=40852"}],"wp:term":[{"taxonomy":"category","embeddable":true,"href":"https:\/\/zonaroja.com.mx\/index.php?rest_route=%2Fwp%2Fv2%2Fcategories&post=40852"},{"taxonomy":"post_tag","embeddable":true,"href":"https:\/\/zonaroja.com.mx\/index.php?rest_route=%2Fwp%2Fv2%2Ftags&post=40852"}],"curies":[{"name":"wp","href":"https:\/\/api.w.org\/{rel}","templated":true}]}}