{"id":40859,"date":"2022-05-06T14:25:51","date_gmt":"2022-05-06T19:25:51","guid":{"rendered":"https:\/\/www.zonaroja.com.mx\/?p=40859"},"modified":"2022-05-06T14:25:53","modified_gmt":"2022-05-06T19:25:53","slug":"impune-destruccion-de-area-natural-protegida-de-zona-arqueologica-de-yagul","status":"publish","type":"post","link":"https:\/\/zonaroja.com.mx\/?p=40859","title":{"rendered":"Impune, destrucci\u00f3n de \u00e1rea natural protegida de zona arqueol\u00f3gica de Yagul"},"content":{"rendered":"\n<p>Yuridiana Sosa\/Zona Roja.<\/p>\n\n\n\n<p>Oaxaca de Ju\u00e1rez, Oax., 6 de mayo de 2022.- Una vasta \u00e1rea natural protegida de la zona arqueol\u00f3gica de Yagul, en Tlacolula de Matamoros, Oaxaca, fue destruida por particulares para sembrar maguey.<\/p>\n\n\n\n<p>Vecinos y defensores del medio ambiente en el valle de Tlacolula denunciaron esta deforestaci\u00f3n y atentado al patrimonio de la humanidad ubicado en el paraje \u201cLa Fortaleza\u201d, camino a rancho \u201cSoriano\u201d, en la que se encuentra involucrada la ex presidente de Tlacolula, Concepci\u00f3n Robles Altamirano.<\/p>\n\n\n\n<p>El mi\u00e9rcoles por la tarde&nbsp;llegaron al lugar trabajadores con una m\u00e1quina retroexcavadora para \u201climpiar\u201d el \u00e1rea plagada de vegetaci\u00f3n y fauna end\u00e9mica, presuntamente para acondicionar 20 hect\u00e1reas para la siembra de maguey.&nbsp;<\/p>\n\n\n\n<p>Al arribo de los defensores&nbsp;el jueves por la ma\u00f1ana, uno de los trabajadores de la empresa \u201cPramo\u201d, propiedad del expresidente de Tlacolula, Pedro Ruiz, apunt\u00f3 que hab\u00eda sido contratado para la ex edil Concepci\u00f3n Robles.<\/p>\n\n\n\n<p>Para frenar los trabajos tambi\u00e9n llegaron al lugar funcionarios del ayuntamiento de Tlacolula, donde la hija de Robles Altamirano, Adriana Ch\u00e1vez Robles, es regidora de Ecolog\u00eda y Medio Ambiente, as\u00ed como elementos de la Polic\u00eda Estatal.<\/p>\n\n\n\n<p>Los ciudadanos demandaron la intervenci\u00f3n del Instituto Nacional de Antropolog\u00eda e Historia (INAH), que hasta este momento no ha emitido posicionamiento, al igual que la autoridad municipal.<\/p>\n\n\n\n<p>Pero tambi\u00e9n piden atenci\u00f3n por parte de la Comisi\u00f3n Nacional de \u00c1reas Protegidas para verificar el hecho y determinar la gravedad del da\u00f1o.<\/p>\n\n\n\n<p>El sitio de las cuevas prehist\u00f3ricas de Yagul, en el Valle de Tlaculula, fue declarado Patrimonio Mundial bajo la categor\u00eda de Paisaje Cultural el 1 de agosto de 2010 por el Comit\u00e9 del Patrimonio Mundial de la UNESCO.<\/p>\n","protected":false},"excerpt":{"rendered":"<p>Yuridiana Sosa\/Zona Roja. Oaxaca de Ju\u00e1rez, Oax., 6 de mayo de 2022.- Una vasta \u00e1rea&hellip;<\/p>\n","protected":false},"author":2,"featured_media":40858,"comment_status":"closed","ping_status":"open","sticky":false,"template":"","format":"standard","meta":{"_lmt_disableupdate":"","_lmt_disable":"","_jetpack_memberships_contains_paid_content":false,"footnotes":""},"categories":[109,47],"tags":[],"class_list":["post-40859","post","type-post","status-publish","format-standard","has-post-thumbnail","hentry","category-minuto-a-minuto","category-zona-gris"],"jetpack_featured_media_url":"https:\/\/zonaroja.com.mx\/wp-content\/uploads\/2022\/05\/9c87f3b3-40a6-4b00-82db-ff4c4f79b20e.jpg","jetpack_sharing_enabled":true,"_links":{"self":[{"href":"https:\/\/zonaroja.com.mx\/index.php?rest_route=\/wp\/v2\/posts\/40859","targetHints":{"allow":["GET"]}}],"collection":[{"href":"https:\/\/zonaroja.com.mx\/index.php?rest_route=\/wp\/v2\/posts"}],"about":[{"href":"https:\/\/zonaroja.com.mx\/index.php?rest_route=\/wp\/v2\/types\/post"}],"author":[{"embeddable":true,"href":"https:\/\/zonaroja.com.mx\/index.php?rest_route=\/wp\/v2\/users\/2"}],"replies":[{"embeddable":true,"href":"https:\/\/zonaroja.com.mx\/index.php?rest_route=%2Fwp%2Fv2%2Fcomments&post=40859"}],"version-history":[{"count":1,"href":"https:\/\/zonaroja.com.mx\/index.php?rest_route=\/wp\/v2\/posts\/40859\/revisions"}],"predecessor-version":[{"id":40860,"href":"https:\/\/zonaroja.com.mx\/index.php?rest_route=\/wp\/v2\/posts\/40859\/revisions\/40860"}],"wp:featuredmedia":[{"embeddable":true,"href":"https:\/\/zonaroja.com.mx\/index.php?rest_route=\/wp\/v2\/media\/40858"}],"wp:attachment":[{"href":"https:\/\/zonaroja.com.mx\/index.php?rest_route=%2Fwp%2Fv2%2Fmedia&parent=40859"}],"wp:term":[{"taxonomy":"category","embeddable":true,"href":"https:\/\/zonaroja.com.mx\/index.php?rest_route=%2Fwp%2Fv2%2Fcategories&post=40859"},{"taxonomy":"post_tag","embeddable":true,"href":"https:\/\/zonaroja.com.mx\/index.php?rest_route=%2Fwp%2Fv2%2Ftags&post=40859"}],"curies":[{"name":"wp","href":"https:\/\/api.w.org\/{rel}","templated":true}]}}