{"id":4086,"date":"2019-09-18T18:50:55","date_gmt":"2019-09-18T23:50:55","guid":{"rendered":"http:\/\/www.zonaroja.com.mx\/?p=4086"},"modified":"2019-09-18T18:50:58","modified_gmt":"2019-09-18T23:50:58","slug":"denuncian-practicas-priistas-en-morena-para-conseguir-respaldo-de-la-militancia","status":"publish","type":"post","link":"https:\/\/zonaroja.com.mx\/?p=4086","title":{"rendered":"Denuncian pr\u00e1cticas priistas en Morena para conseguir respaldo de la militancia"},"content":{"rendered":"\n<p>Redacci\u00f3n\/Zona\nRoja.<\/p>\n\n\n\n<p>Oaxaca de\nJu\u00e1rez, Oax., 18 de septiembre de 2019.- Integrantes del Comit\u00e9 Estatal de\nMorena denunciaron que en el marco del proceso para el cambio de dirigencia, algunos\nactores pol\u00edticos han incurrido en las viejas pr\u00e1cticas de ofrecer dinero para\nconseguir el respaldo de la militancia.<\/p>\n\n\n\n<p>As\u00ed lo\naseguro Ses\u00fal Bola\u00f1os, secretario General de Morena en Oaxaca, quien asegur\u00f3\nque actualmente ya hay denuncias contra varios dirigentes en la Cuenca, Ca\u00f1ada\ne Istmo, las cuales ser\u00e1n analizadas por la Comisi\u00f3n de Honor y Justicia a\nnivel nacional.<\/p>\n\n\n\n<p>\u201cEs\nimportante mencionar que tenemos que cambiar nuestras formas, tenemos que\nconducirnos con respeto, no caigamos en las viejas pr\u00e1cticas de ofrecer dinero\ne intimidar a la militancia para conseguir el respaldo\u201d, dijo en conferencia de\nprensa.<\/p>\n\n\n\n<p>En este\nsentido y ante la presencia cada vez m\u00e1s activa en las redes sociales de quienes\npromueven su imagen con miras a dirigir el partido, la dirigencia del mismo\nasegur\u00f3 que no debe haber campa\u00f1as anticipadas, por el contrario, los esfuerzos\ndeber\u00edan estar concentrados en informar sobre las asambleas distritales que se\nrealizaran para elegir a las dirigencias estatales y nacionales.<\/p>\n\n\n\n<p>Aclararon\nque, conforme a la convocatoria, integrantes del Comit\u00e9 Estatal est\u00e1n\nrecorriendo los distritos para difundir la informaci\u00f3n real sobre el proceso\ninterno de elecci\u00f3n de Morena, sin embargo, esto no puede considerarse como\ncampa\u00f1a, sino como parte de las obligaciones de quienes est\u00e1n al frente del\npartido.<\/p>\n\n\n\n<p>As\u00ed mismo\nreiteraron que el proceso interno que vive el concluye el pr\u00f3ximo 24 de\nnoviembre con la integraci\u00f3n del Comit\u00e9 Ejecutivo Nacional, en \u00e9ste podr\u00e1n participar\n\u00fanicamente las personas afiliadas hasta diciembre de 2017, por lo que en esta\njornada podr\u00e1n inscribirse poco m\u00e1s de 218 mil militantes.<\/p>\n\n\n\n<p>El pr\u00f3ximo\n19 de octubre se llevar\u00e1n a cabo asambleas en los diez distritos federales\nelectorales, para elegir a igual n\u00famero de representantes de cada distrito,\nposteriormente se llevar\u00e1 el Congreso Estatal, donde los 100 consejeros\npropondr\u00e1n a los que integrar\u00e1n el pr\u00f3ximo Comit\u00e9 Ejecutivo Estatal, que ser\u00e1n\nelectos los d\u00edas 23 y 24 de noviembre.<\/p>\n","protected":false},"excerpt":{"rendered":"<p>Redacci\u00f3n\/Zona Roja. Oaxaca de Ju\u00e1rez, Oax., 18 de septiembre de 2019.- Integrantes del Comit\u00e9 Estatal&hellip;<\/p>\n","protected":false},"author":2,"featured_media":4087,"comment_status":"closed","ping_status":"open","sticky":false,"template":"","format":"standard","meta":{"_lmt_disableupdate":"","_lmt_disable":"","_jetpack_memberships_contains_paid_content":false,"footnotes":""},"categories":[109,47],"tags":[729],"class_list":["post-4086","post","type-post","status-publish","format-standard","has-post-thumbnail","hentry","category-minuto-a-minuto","category-zona-gris","tag-comite-ejecutivo-estatal-morena"],"jetpack_featured_media_url":"https:\/\/zonaroja.com.mx\/wp-content\/uploads\/2019\/09\/IMG_8980.jpg","jetpack_sharing_enabled":true,"_links":{"self":[{"href":"https:\/\/zonaroja.com.mx\/index.php?rest_route=\/wp\/v2\/posts\/4086","targetHints":{"allow":["GET"]}}],"collection":[{"href":"https:\/\/zonaroja.com.mx\/index.php?rest_route=\/wp\/v2\/posts"}],"about":[{"href":"https:\/\/zonaroja.com.mx\/index.php?rest_route=\/wp\/v2\/types\/post"}],"author":[{"embeddable":true,"href":"https:\/\/zonaroja.com.mx\/index.php?rest_route=\/wp\/v2\/users\/2"}],"replies":[{"embeddable":true,"href":"https:\/\/zonaroja.com.mx\/index.php?rest_route=%2Fwp%2Fv2%2Fcomments&post=4086"}],"version-history":[{"count":1,"href":"https:\/\/zonaroja.com.mx\/index.php?rest_route=\/wp\/v2\/posts\/4086\/revisions"}],"predecessor-version":[{"id":4088,"href":"https:\/\/zonaroja.com.mx\/index.php?rest_route=\/wp\/v2\/posts\/4086\/revisions\/4088"}],"wp:featuredmedia":[{"embeddable":true,"href":"https:\/\/zonaroja.com.mx\/index.php?rest_route=\/wp\/v2\/media\/4087"}],"wp:attachment":[{"href":"https:\/\/zonaroja.com.mx\/index.php?rest_route=%2Fwp%2Fv2%2Fmedia&parent=4086"}],"wp:term":[{"taxonomy":"category","embeddable":true,"href":"https:\/\/zonaroja.com.mx\/index.php?rest_route=%2Fwp%2Fv2%2Fcategories&post=4086"},{"taxonomy":"post_tag","embeddable":true,"href":"https:\/\/zonaroja.com.mx\/index.php?rest_route=%2Fwp%2Fv2%2Ftags&post=4086"}],"curies":[{"name":"wp","href":"https:\/\/api.w.org\/{rel}","templated":true}]}}