{"id":40867,"date":"2022-05-06T17:42:39","date_gmt":"2022-05-06T22:42:39","guid":{"rendered":"https:\/\/www.zonaroja.com.mx\/?p=40867"},"modified":"2022-05-06T17:47:25","modified_gmt":"2022-05-06T22:47:25","slug":"el-triple-a-afirma-mi-gobierno-le-apostara-al-talento-y-capacidad-de-jovenes","status":"publish","type":"post","link":"https:\/\/zonaroja.com.mx\/?p=40867","title":{"rendered":"El \u201cTriple A\u201d afirma: Mi gobierno le apostar\u00e1 al talento y capacidad de j\u00f3venes"},"content":{"rendered":"\n<p>Redacci\u00f3n\/Zona Roja.&nbsp;<\/p>\n\n\n\n<p>Oaxaca de Ju\u00e1rez, Oax. 6 de mayo de 2022.-Rodeado de la fuerza de mujeres y hombres, as\u00ed como de la energ\u00eda de las y los j\u00f3venes de diversas localidades istme\u00f1as, el candidato del PRI-PRD al gobierno de Oaxaca, Alejandro Avil\u00e9s \u00c1lvarez lanz\u00f3 un mensaje de esperanza que propone incorporar a la juventud oaxaque\u00f1a, en la creaci\u00f3n de la agenda estatal de gobierno que coadyuve en la consolidaci\u00f3n de un futuro de transformaci\u00f3n y progreso generacional para todas las familias oaxaque\u00f1as.<\/p>\n\n\n\n<p>En San Blas Atempa, el candidato tricolor explic\u00f3 que el talento, fuerza y capacidad de la juventud ser\u00e1 incluido en su modelo de gobierno, tanto en la toma de decisiones, as\u00ed como en el desarrollo de pol\u00edticas p\u00fablicas que permitan que estudiantes y universitarios, cuenten con mejores oportunidades para su crecimiento personal y profesional.&nbsp;<\/p>\n\n\n\n<p>\u201c\u00bfCu\u00e1nto cuesta que las y los j\u00f3venes estudien? Si se van a estudiar a Oaxaca, hay que pagarles la renta, los \u00fatiles, el pasaje, la colegiatura y luego terminan de estudiar cualquier carrera y no hay trabajo\u201d, expuso el abanderado priista. &nbsp;<\/p>\n\n\n\n<p>Ante este escenario, Alejandro Avil\u00e9s se\u00f1al\u00f3 que al asumir su responsabilidad como gobernador de Oaxaca, atender\u00e1 con prontitud y responsabilidad las necesidades de educaci\u00f3n, empleo y acceso a oportunidades para la juventud oaxaque\u00f1a.<\/p>\n\n\n\n<p>\u201cTodas las y los j\u00f3venes que hayan terminado su carrera van a contar con un programa que se va a llamar -Tu Primer Empleo-, que consiste en que las y los estudiantes que hayan concluido su carrera van a ser contratados inmediatamente para que puedan desarrollarse profesionalmente y al mismo tiempo Oaxaca se beneficie de su fuerza y trabajo\u201d, ponder\u00f3.&nbsp;<\/p>\n\n\n\n<p>Aunado a estos beneficios, el \u201cTriple A\u201c garantiz\u00f3 que las y los estudiantes, los adultos mayores y las personas con discapacidad, pagar\u00e1n 3 pesos en el transporte p\u00fablico, tarifa preferencial que se aplicar\u00e1 de manera inmediata, en apoyo de los grupos que m\u00e1s lo necesitan.<\/p>\n\n\n\n<p>\u201cConmigo van a tener un gobernador amigo que cumple, porque yo vengo del pueblo y soy como ustedes\u201d, expres\u00f3.&nbsp;<\/p>\n\n\n\n<p>En su intensa gira de campa\u00f1a en el Istmo de Tehuantepec, Alejandro Avil\u00e9s recorri\u00f3 en caravana, las principales calles del municipio de Santiago Astata y de la agencia de Tapanal\u00e1 en San Pedro Huamelula, donde grupos multitudinarios de simpatizantes le ratificaron su respaldo.<\/p>\n","protected":false},"excerpt":{"rendered":"<p>Redacci\u00f3n\/Zona Roja.&nbsp; Oaxaca de Ju\u00e1rez, Oax. 6 de mayo de 2022.-Rodeado de la fuerza de&hellip;<\/p>\n","protected":false},"author":2,"featured_media":40866,"comment_status":"closed","ping_status":"open","sticky":false,"template":"","format":"standard","meta":{"_lmt_disableupdate":"","_lmt_disable":"","_jetpack_memberships_contains_paid_content":false,"footnotes":""},"categories":[109,46],"tags":[],"class_list":["post-40867","post","type-post","status-publish","format-standard","has-post-thumbnail","hentry","category-minuto-a-minuto","category-zona-blanca"],"jetpack_featured_media_url":"https:\/\/zonaroja.com.mx\/wp-content\/uploads\/2022\/05\/09bce1ae-5b1e-407e-9e3f-909898858ea2.jpg","jetpack_sharing_enabled":true,"_links":{"self":[{"href":"https:\/\/zonaroja.com.mx\/index.php?rest_route=\/wp\/v2\/posts\/40867","targetHints":{"allow":["GET"]}}],"collection":[{"href":"https:\/\/zonaroja.com.mx\/index.php?rest_route=\/wp\/v2\/posts"}],"about":[{"href":"https:\/\/zonaroja.com.mx\/index.php?rest_route=\/wp\/v2\/types\/post"}],"author":[{"embeddable":true,"href":"https:\/\/zonaroja.com.mx\/index.php?rest_route=\/wp\/v2\/users\/2"}],"replies":[{"embeddable":true,"href":"https:\/\/zonaroja.com.mx\/index.php?rest_route=%2Fwp%2Fv2%2Fcomments&post=40867"}],"version-history":[{"count":1,"href":"https:\/\/zonaroja.com.mx\/index.php?rest_route=\/wp\/v2\/posts\/40867\/revisions"}],"predecessor-version":[{"id":40868,"href":"https:\/\/zonaroja.com.mx\/index.php?rest_route=\/wp\/v2\/posts\/40867\/revisions\/40868"}],"wp:featuredmedia":[{"embeddable":true,"href":"https:\/\/zonaroja.com.mx\/index.php?rest_route=\/wp\/v2\/media\/40866"}],"wp:attachment":[{"href":"https:\/\/zonaroja.com.mx\/index.php?rest_route=%2Fwp%2Fv2%2Fmedia&parent=40867"}],"wp:term":[{"taxonomy":"category","embeddable":true,"href":"https:\/\/zonaroja.com.mx\/index.php?rest_route=%2Fwp%2Fv2%2Fcategories&post=40867"},{"taxonomy":"post_tag","embeddable":true,"href":"https:\/\/zonaroja.com.mx\/index.php?rest_route=%2Fwp%2Fv2%2Ftags&post=40867"}],"curies":[{"name":"wp","href":"https:\/\/api.w.org\/{rel}","templated":true}]}}