{"id":40873,"date":"2022-05-06T20:32:26","date_gmt":"2022-05-07T01:32:26","guid":{"rendered":"http:\/\/www.zonaroja.com.mx\/?p=40873"},"modified":"2022-05-06T20:32:28","modified_gmt":"2022-05-07T01:32:28","slug":"llevan-aprehendida-a-valoracion-psiquiatrica-a-mujer-que-mato-a-sus-4-hijos","status":"publish","type":"post","link":"https:\/\/zonaroja.com.mx\/?p=40873","title":{"rendered":"Llevan aprehendida a valoraci\u00f3n psiqui\u00e1trica a mujer que mat\u00f3 a sus 4 hijos"},"content":{"rendered":"\n<p>Redacci\u00f3n\/Zona Roja.&nbsp;<\/p>\n\n\n\n<p>Oaxaca de Ju\u00e1rez, Oax., 6 de mayo de 2022.- La madre de familia Areli J. J. qued\u00f3 en calidad de aprehendida, como probable responsable del homicidio de sus cuatro hijos menores de edad.<\/p>\n\n\n\n<p>No obstante, ser\u00e1 llevada a valoraci\u00f3n psiqui\u00e1trica para determinar si es imputable o no del delito, cometido el pasado lunes 2 de mayo, en Chicapa de Castro, agencia de Juchit\u00e1n de Zaragoza.<\/p>\n\n\n\n<p>As\u00ed lo inform\u00f3 en un comunicado la Fiscal\u00eda General del Estado de Oaxaca (FGEO), que detall\u00f3 los antecedentes cl\u00ednicos de los que se desprende la probable presencia de un episodio psic\u00f3tico de la mujer.<\/p>\n\n\n\n<p>Esta tarde, al salir del hospital de Juchit\u00e1n, donde estuvo internada, la Fiscal\u00eda dio cumplimiento a la orden de aprehensi\u00f3n contra la persona del sexo femenino,&nbsp;<\/p>\n\n\n\n<p>De acuerdo con la Carpeta de Investigaci\u00f3n 15219\/FIST-Tehuantepec\/2022, el hecho fue cometido el 2 de mayo de 2022, cuando la mujer probablemente priv\u00f3 de la vida con un arma blanca a los cuatro menores de edad en el interior de su domicilio, ubicado en el referido municipio.<\/p>\n\n\n\n<figure class=\"wp-block-embed is-type-rich is-provider-twitter wp-block-embed-twitter\"><div class=\"wp-block-embed__wrapper\">\n<div class=\"twitter-tweet\"><blockquote class=\"twitter-tweet\" data-lang=\"es\"><p lang=\"es\" dir=\"ltr\"><a href=\"https:\/\/twitter.com\/hashtag\/%C3%9AltimoMinuto?src=hash&amp;ref_src=twsrc%5Etfw\">#\u00daltimoMinuto<\/a> <br>La se\u00f1ora Areli J.J,, fue dada de alta del hospital de Juchit\u00e1n, Oaxaca, y esta tarde inici\u00f3 su audiencia en el Juzgado de Control de Juchit\u00e1n, acusada de la muerte de sus cuatro hijos.<br>Arely, Itzayana, Itzel y Delfino de 8, 5, 2 a\u00f1os y 10 meses, en Chicapa. <a href=\"https:\/\/t.co\/bUFV0Mj1yU\">pic.twitter.com\/bUFV0Mj1yU<\/a><\/p>&mdash; Zona Roja Oaxaca (@ZonaRoja_Oaxaca) <a href=\"https:\/\/twitter.com\/ZonaRoja_Oaxaca\/status\/1522715187157118976?ref_src=twsrc%5Etfw\">6 de mayo de 2022<\/a><\/blockquote><\/div>\n<\/div><\/figure>\n\n\n\n<p>Posteriormente, la imputada se infligi\u00f3 lesiones a s\u00ed misma con el objeto cortante, situaci\u00f3n que puso en riesgo su vida y que propici\u00f3 que fuera trasladada a recibir atenci\u00f3n m\u00e9dica especializada, con todas las medidas de seguridad y custodia pertinentes debido a la naturaleza de los hechos.<\/p>\n\n\n\n<p>\u201cDesde el momento que tuvo conocimiento del caso, intervino la Vicefiscal\u00eda Regional del Istmo, movilizando a elementos de la Agencia Estatal de Investigaciones (AEI), as\u00ed como peritos y agentes del Ministerio P\u00fablico, quienes ordenaron el levantamiento de los cuerpos para iniciar con las diligencias y estudios periciales conforme lo marca la Ley.<\/p>\n\n\n\n<p>Este viernes 6 de mayo, la mujer Areli J. J. recibi\u00f3 su alta m\u00e9dica y posteriormente, elementos de la AEI ejecutaron orden de aprehensi\u00f3n en su contra, siendo presentada ante la autoridad judicial, donde se inform\u00f3 acerca de los antecedentes cl\u00ednicos de los que se desprende la probable presencia de un episodio psic\u00f3tico.<\/p>\n\n\n\n<p>Al ser conocedor de esta situaci\u00f3n y por orden del Juez de Control, la mujer fue enviada a internamiento en un anexo oficial para su valoraci\u00f3n psiqui\u00e1trica, donde se le realizan estudios especializados para determinar su estado mental, pruebas cient\u00edficas que permitir\u00e1n determinar su condici\u00f3n de imputabilidad, detall\u00f3 la Fiscal\u00eda.<\/p>\n","protected":false},"excerpt":{"rendered":"<p>Redacci\u00f3n\/Zona Roja.&nbsp; Oaxaca de Ju\u00e1rez, Oax., 6 de mayo de 2022.- La madre de familia&hellip;<\/p>\n","protected":false},"author":2,"featured_media":40761,"comment_status":"closed","ping_status":"open","sticky":false,"template":"","format":"standard","meta":{"_lmt_disableupdate":"","_lmt_disable":"","_jetpack_memberships_contains_paid_content":false,"footnotes":""},"categories":[109,46],"tags":[494],"class_list":["post-40873","post","type-post","status-publish","format-standard","has-post-thumbnail","hentry","category-minuto-a-minuto","category-zona-blanca","tag-fiscalia-general-del-estado-de-oaxaca"],"jetpack_featured_media_url":"https:\/\/zonaroja.com.mx\/wp-content\/uploads\/2022\/05\/madre-ninos-Chicapa-de-Castro.jpg","jetpack_sharing_enabled":true,"_links":{"self":[{"href":"https:\/\/zonaroja.com.mx\/index.php?rest_route=\/wp\/v2\/posts\/40873","targetHints":{"allow":["GET"]}}],"collection":[{"href":"https:\/\/zonaroja.com.mx\/index.php?rest_route=\/wp\/v2\/posts"}],"about":[{"href":"https:\/\/zonaroja.com.mx\/index.php?rest_route=\/wp\/v2\/types\/post"}],"author":[{"embeddable":true,"href":"https:\/\/zonaroja.com.mx\/index.php?rest_route=\/wp\/v2\/users\/2"}],"replies":[{"embeddable":true,"href":"https:\/\/zonaroja.com.mx\/index.php?rest_route=%2Fwp%2Fv2%2Fcomments&post=40873"}],"version-history":[{"count":1,"href":"https:\/\/zonaroja.com.mx\/index.php?rest_route=\/wp\/v2\/posts\/40873\/revisions"}],"predecessor-version":[{"id":40874,"href":"https:\/\/zonaroja.com.mx\/index.php?rest_route=\/wp\/v2\/posts\/40873\/revisions\/40874"}],"wp:featuredmedia":[{"embeddable":true,"href":"https:\/\/zonaroja.com.mx\/index.php?rest_route=\/wp\/v2\/media\/40761"}],"wp:attachment":[{"href":"https:\/\/zonaroja.com.mx\/index.php?rest_route=%2Fwp%2Fv2%2Fmedia&parent=40873"}],"wp:term":[{"taxonomy":"category","embeddable":true,"href":"https:\/\/zonaroja.com.mx\/index.php?rest_route=%2Fwp%2Fv2%2Fcategories&post=40873"},{"taxonomy":"post_tag","embeddable":true,"href":"https:\/\/zonaroja.com.mx\/index.php?rest_route=%2Fwp%2Fv2%2Ftags&post=40873"}],"curies":[{"name":"wp","href":"https:\/\/api.w.org\/{rel}","templated":true}]}}