{"id":40875,"date":"2022-05-06T21:29:15","date_gmt":"2022-05-07T02:29:15","guid":{"rendered":"http:\/\/www.zonaroja.com.mx\/?p=40875"},"modified":"2022-05-06T21:29:16","modified_gmt":"2022-05-07T02:29:16","slug":"sin-argumentos-duena-de-floreria-kasumi-agrede-a-su-empleada","status":"publish","type":"post","link":"https:\/\/zonaroja.com.mx\/?p=40875","title":{"rendered":"Sin argumentos, due\u00f1a de florer\u00eda \u201cKasumi\u201d agrede a su empleada"},"content":{"rendered":"\n<p>Redacci\u00f3n\/Zona Roja.<\/p>\n\n\n\n<p>Oaxaca de Ju\u00e1rez, Oax., 6 de mayo de 2022.- La propietaria de la florer\u00eda \u201cKasumi\u201d, Sandra Luz Cervantes S\u00e1nchez agredi\u00f3 a golpes a una de sus empleadas, sin raz\u00f3n alguna.<\/p>\n\n\n\n<p>Fue alrededor del mediod\u00eda de este viernes en que fue atacada Ingrid Rodr\u00edguez Guzm\u00e1n, madre soltera de 28 a\u00f1os de edad, quien fung\u00eda como \u201cCommunity Manager\u201d, por la que hasta hoy fue su patrona, Sandra Luz Cervantes S\u00e1nchez, quien es due\u00f1a de \u201cKasumi\u201d Florer\u00eda, ubicada en la calle Jazmines 618 de la colonia Reforma, ciudad de Oaxaca.&nbsp;<\/p>\n\n\n\n<p>En un video que difunde en redes sociales, se logra ver como es que despu\u00e9s de la agresi\u00f3n, Ingrid est\u00e1 narrando como fue agredida por la due\u00f1a de \u201cKasumi\u201d, describiendo con miedo que fue ara\u00f1ada y jaloneada, durante la narraci\u00f3n se aprecia que habla con otro empleado de dicha florer\u00eda al cual le dice \u00abfui agredida por la due\u00f1a de \u2018Kasumi\u2019, la cual me golpe\u00f3 con su tel\u00e9fono y me ara\u00f1o, estoy temblando Carlos\u201d.&nbsp;<\/p>\n\n\n\n<p>Testigos de los hechos confirman que despu\u00e9s de terminar la grabaci\u00f3n, la due\u00f1a del negocio nuevamente se le abalanzo sobre la trabajadora, agarr\u00e1ndola del cabello y tir\u00e1ndola al suelo, para lo cual Ingrid no respondi\u00f3 a la agresi\u00f3n.&nbsp;<\/p>\n\n\n\n<p>La ofendida no dudo en llamar a la polic\u00eda municipal, la cual procedi\u00f3 r\u00e1pidamente para llevarse a ambas partes, a la agredida Ingrid y la agresora Sandra.&nbsp;<\/p>\n\n\n\n<p>En estos momentos ambas fueron trasladadas a la Fiscal\u00eda General del Estado, Ciudad Judicial, para que rindiera su declaraci\u00f3n y se proceda ante la denuncia por agresi\u00f3n.<\/p>\n","protected":false},"excerpt":{"rendered":"<p>Redacci\u00f3n\/Zona Roja. Oaxaca de Ju\u00e1rez, Oax., 6 de mayo de 2022.- La propietaria de la&hellip;<\/p>\n","protected":false},"author":2,"featured_media":40876,"comment_status":"closed","ping_status":"open","sticky":false,"template":"","format":"standard","meta":{"_lmt_disableupdate":"","_lmt_disable":"","_jetpack_memberships_contains_paid_content":false,"footnotes":""},"categories":[109,47],"tags":[],"class_list":["post-40875","post","type-post","status-publish","format-standard","has-post-thumbnail","hentry","category-minuto-a-minuto","category-zona-gris"],"jetpack_featured_media_url":"https:\/\/zonaroja.com.mx\/wp-content\/uploads\/2022\/05\/Detenida-floreria-Kazumi.jpg","jetpack_sharing_enabled":true,"_links":{"self":[{"href":"https:\/\/zonaroja.com.mx\/index.php?rest_route=\/wp\/v2\/posts\/40875","targetHints":{"allow":["GET"]}}],"collection":[{"href":"https:\/\/zonaroja.com.mx\/index.php?rest_route=\/wp\/v2\/posts"}],"about":[{"href":"https:\/\/zonaroja.com.mx\/index.php?rest_route=\/wp\/v2\/types\/post"}],"author":[{"embeddable":true,"href":"https:\/\/zonaroja.com.mx\/index.php?rest_route=\/wp\/v2\/users\/2"}],"replies":[{"embeddable":true,"href":"https:\/\/zonaroja.com.mx\/index.php?rest_route=%2Fwp%2Fv2%2Fcomments&post=40875"}],"version-history":[{"count":1,"href":"https:\/\/zonaroja.com.mx\/index.php?rest_route=\/wp\/v2\/posts\/40875\/revisions"}],"predecessor-version":[{"id":40877,"href":"https:\/\/zonaroja.com.mx\/index.php?rest_route=\/wp\/v2\/posts\/40875\/revisions\/40877"}],"wp:featuredmedia":[{"embeddable":true,"href":"https:\/\/zonaroja.com.mx\/index.php?rest_route=\/wp\/v2\/media\/40876"}],"wp:attachment":[{"href":"https:\/\/zonaroja.com.mx\/index.php?rest_route=%2Fwp%2Fv2%2Fmedia&parent=40875"}],"wp:term":[{"taxonomy":"category","embeddable":true,"href":"https:\/\/zonaroja.com.mx\/index.php?rest_route=%2Fwp%2Fv2%2Fcategories&post=40875"},{"taxonomy":"post_tag","embeddable":true,"href":"https:\/\/zonaroja.com.mx\/index.php?rest_route=%2Fwp%2Fv2%2Ftags&post=40875"}],"curies":[{"name":"wp","href":"https:\/\/api.w.org\/{rel}","templated":true}]}}