{"id":40878,"date":"2022-05-06T21:58:02","date_gmt":"2022-05-07T02:58:02","guid":{"rendered":"http:\/\/www.zonaroja.com.mx\/?p=40878"},"modified":"2022-05-06T21:58:05","modified_gmt":"2022-05-07T02:58:05","slug":"asciende-a-22-los-muertos-por-explosion-en-emblematico-hotel-de-cuba","status":"publish","type":"post","link":"https:\/\/zonaroja.com.mx\/?p=40878","title":{"rendered":"Asciende a 22 los muertos por explosi\u00f3n en emblem\u00e1tico hotel de Cuba"},"content":{"rendered":"\n<p>Redacci\u00f3n\/Zona Roja Cdmx.<\/p>\n\n\n\n<p>Ciudad de M\u00e9xico, 6 de mayo de 2022.- Las autoridades de Cuba confirmaron que la cifra preliminar de v\u00edctimas tras la explosi\u00f3n registrada este viernes en el hotel \u201cSaratoga\u201d de La Habana, es ahora de al menos 22 muertos, 64 heridos y 13 desaparecidos.<\/p>\n\n\n\n<p>La Presidencia de Cuba revel\u00f3 que entre los fallecidos hay un menor y una embarazada, y que entre los heridos hay 14 menores (tres cr\u00edticos y dos graves).<\/p>\n\n\n\n<p>Estas cifras no son definitivas y podr\u00edan subir en las pr\u00f3ximas horas, conforme se avanza en las tareas de remoci\u00f3n de escombros del hotel \u201cSaratoga\u201d, emblem\u00e1tico del centro hist\u00f3rico habanero.<\/p>\n\n\n\n<p>El presidente Miguel D\u00edaz-Canel se encuentra en el lugar del siniestro junto con el primer ministro Manuel Marrero y el l\u00edder de la Asamblea Nacional del Poder Popular (Parlamento unicameral), Esteban Lazo.<\/p>\n\n\n\n<p>Ni\u00f1os de una escuela cercana a la zona fueron evacuados sanos y salvos, se\u00f1alaron autoridades del Partido Comunista de Cuba.<\/p>\n\n\n\n<p>La explosi\u00f3n se produjo sobre las 10.50 de la ma\u00f1ana y provoc\u00f3 el derrumbe de parte de la fachada del edificio, afectado tambi\u00e9n por un incendio que gener\u00f3 una gran columna de humo blanco, visible desde gran parte de la ciudad.<\/p>\n\n\n\n<figure class=\"wp-block-embed is-type-rich is-provider-twitter wp-block-embed-twitter\"><div class=\"wp-block-embed__wrapper\">\n<div class=\"twitter-tweet\"><blockquote class=\"twitter-tweet\" data-lang=\"es\"><p lang=\"es\" dir=\"ltr\"><a href=\"https:\/\/twitter.com\/hashtag\/%C3%9AltimoMinuto?src=hash&amp;ref_src=twsrc%5Etfw\">#\u00daltimoMinuto<\/a> <br>Una fuerte explosi\u00f3n, hasta ahora de origen desconocido, derrumba esta ma\u00f1ana parte del c\u00e9ntrico hotel \u201cSaratoga\u201d, de La Habana <a href=\"https:\/\/twitter.com\/hashtag\/Cuba?src=hash&amp;ref_src=twsrc%5Etfw\">#Cuba<\/a>.<br>Hasta ahora no hay informe oficial de v\u00edctimas.<br>El Presidente <a href=\"https:\/\/twitter.com\/lopezobrador_?ref_src=twsrc%5Etfw\">@lopezobrador_<\/a> mantiene en su agenda visita a la isla. <a href=\"https:\/\/t.co\/H3H1BXRKkg\">pic.twitter.com\/H3H1BXRKkg<\/a><\/p>&mdash; Zona Roja Oaxaca (@ZonaRoja_Oaxaca) <a href=\"https:\/\/twitter.com\/ZonaRoja_Oaxaca\/status\/1522613483183001601?ref_src=twsrc%5Etfw\">6 de mayo de 2022<\/a><\/blockquote><\/div>\n<\/div><\/figure>\n\n\n\n<p>El bajo, la primera y segunda plantas del edificio -de seis pisos- quedaron gravemente afectados por la explosi\u00f3n, que ech\u00f3 abajo la fachada, provocando una lluvia de cascotes sobre la calle. La monta\u00f1a de escombros en la acera supera la altura de una persona.<\/p>\n\n\n\n<p>Especialistas del Ministerio de la Construcci\u00f3n est\u00e1n evaluando la situaci\u00f3n de la edificaci\u00f3n siniestrada para determinar si ser\u00e1 posible rescatarla o recurrir a su demolici\u00f3n.<\/p>\n\n\n\n<p>Equipos de emergencia, bomberos y militares se desplazaron al lugar de los hechos, donde realizan la b\u00fasqueda de personas que puedan estar bajo los escombros.<\/p>\n\n\n\n<p>Muchos curiosos se congregaron asimismo en los alrededores del edificio accidentado, mientras las autoridades insisten en los llamados a la disciplina y advierten sobre el peligro de un posible colapso de las estructuras.<\/p>\n\n\n\n<p>El \u201cSaratoga\u201d se encuentra en un edificio de estilo neocl\u00e1sico construido en 1880 y que desde 1933 funciona como un hotel. Su \u00faltima restauraci\u00f3n tuvo lugar en 2005, seg\u00fan medios oficiales.<\/p>\n\n\n\n<p>Con cinco estrellas, el hotel es considerado uno de los m\u00e1s lujosos de la ciudad. El establecimiento se encuentra en pleno Paseo del Prado, una de las principales avenidas de la Habana Vieja, en el centro hist\u00f3rico de la capital cubana.<\/p>\n\n\n\n<p>(Informaci\u00f3n de la agencia EFE en \u201cEl Sol de M\u00e9xico\u201d)<\/p>\n","protected":false},"excerpt":{"rendered":"<p>Redacci\u00f3n\/Zona Roja Cdmx. Ciudad de M\u00e9xico, 6 de mayo de 2022.- Las autoridades de Cuba&hellip;<\/p>\n","protected":false},"author":2,"featured_media":40879,"comment_status":"closed","ping_status":"open","sticky":false,"template":"","format":"standard","meta":{"_lmt_disableupdate":"","_lmt_disable":"","_jetpack_memberships_contains_paid_content":false,"footnotes":""},"categories":[109,47],"tags":[3128],"class_list":["post-40878","post","type-post","status-publish","format-standard","has-post-thumbnail","hentry","category-minuto-a-minuto","category-zona-gris","tag-hotel-saratoga-cuba"],"jetpack_featured_media_url":"https:\/\/zonaroja.com.mx\/wp-content\/uploads\/2022\/05\/Hotel-Saratoga-Cuba.jpeg","jetpack_sharing_enabled":true,"_links":{"self":[{"href":"https:\/\/zonaroja.com.mx\/index.php?rest_route=\/wp\/v2\/posts\/40878","targetHints":{"allow":["GET"]}}],"collection":[{"href":"https:\/\/zonaroja.com.mx\/index.php?rest_route=\/wp\/v2\/posts"}],"about":[{"href":"https:\/\/zonaroja.com.mx\/index.php?rest_route=\/wp\/v2\/types\/post"}],"author":[{"embeddable":true,"href":"https:\/\/zonaroja.com.mx\/index.php?rest_route=\/wp\/v2\/users\/2"}],"replies":[{"embeddable":true,"href":"https:\/\/zonaroja.com.mx\/index.php?rest_route=%2Fwp%2Fv2%2Fcomments&post=40878"}],"version-history":[{"count":1,"href":"https:\/\/zonaroja.com.mx\/index.php?rest_route=\/wp\/v2\/posts\/40878\/revisions"}],"predecessor-version":[{"id":40880,"href":"https:\/\/zonaroja.com.mx\/index.php?rest_route=\/wp\/v2\/posts\/40878\/revisions\/40880"}],"wp:featuredmedia":[{"embeddable":true,"href":"https:\/\/zonaroja.com.mx\/index.php?rest_route=\/wp\/v2\/media\/40879"}],"wp:attachment":[{"href":"https:\/\/zonaroja.com.mx\/index.php?rest_route=%2Fwp%2Fv2%2Fmedia&parent=40878"}],"wp:term":[{"taxonomy":"category","embeddable":true,"href":"https:\/\/zonaroja.com.mx\/index.php?rest_route=%2Fwp%2Fv2%2Fcategories&post=40878"},{"taxonomy":"post_tag","embeddable":true,"href":"https:\/\/zonaroja.com.mx\/index.php?rest_route=%2Fwp%2Fv2%2Ftags&post=40878"}],"curies":[{"name":"wp","href":"https:\/\/api.w.org\/{rel}","templated":true}]}}