{"id":40881,"date":"2022-05-07T08:57:00","date_gmt":"2022-05-07T13:57:00","guid":{"rendered":"http:\/\/www.zonaroja.com.mx\/?p=40881"},"modified":"2022-05-07T07:14:54","modified_gmt":"2022-05-07T12:14:54","slug":"nunca-mas-un-gobierno-de-privilegios-afirma-salomon-jara-en-la-cuenca","status":"publish","type":"post","link":"https:\/\/zonaroja.com.mx\/?p=40881","title":{"rendered":"Nunca m\u00e1s un gobierno de privilegios, afirma Salom\u00f3n Jara en la Cuenca"},"content":{"rendered":"\n<p>Redacci\u00f3n\/Zona Roja.<\/p>\n\n\n\n<p>Oaxaca de Ju\u00e1rez Oax., 7 de mayo de 2022.- \u201cNunca m\u00e1s un gobierno que anteponga sus prebendas y privilegios a las obligaciones sociales esenciales del Estado, especialmente aquellas contra\u00eddas con los grupos sociales m\u00e1s desfavorecidos y en mayor situaci\u00f3n de vulnerabilidad, es el momento de sacar a nuestros pueblos y comunidades ind\u00edgenas del olvido y el abandono\u201d, afirm\u00f3 Salom\u00f3n Jara Cruz, aspirante a la gubernatura del estado por la coalici\u00f3n \u201cJuntos Hacemos Historia en Oaxaca\u201d.<\/p>\n\n\n\n<p>En su visita al municipio de Loma Bonita, dijo que la poblaci\u00f3n hablante de lengua originaria es cercana al 50% de la poblaci\u00f3n total y el 79.9% de la poblaci\u00f3n total del estado se autoadscribe como poblaci\u00f3n ind\u00edgena, \u201cpor lo que debemos repensar el ejercicio y la estructura del poder p\u00fablico a la luz de la composici\u00f3n \u00e9tnica y pluricultural de nuestra entidad\u201d.&nbsp;<\/p>\n\n\n\n<p>\u201cNuestros pueblos y comunidades poseen cosmovisiones y sistemas normativos que debemos potenciar y adecuar a una visi\u00f3n de gobierno colectivo que retome las mejores pr\u00e1cticas y contribuya a garantizar plenamente el bienestar, las libertades y los derechos individuales y colectivos de todas las personas\u201d, apunt\u00f3.&nbsp;<\/p>\n\n\n\n<p>Dijo que los pueblos y las comunidades originarias de Oaxaca son ejemplo de participaci\u00f3n, organizaci\u00f3n y democracia popular, \u201cmi gobierno tendr\u00e1 legitimidad porque su \u00fanico mandato ser\u00e1 mandar obedeciendo y para ello acudiremos a cada municipio para escuchar, dialogar y resolver.<\/p>\n\n\n\n<p>\u00abSolo el pueblo puede salvar al pueblo\u201d, asegur\u00f3.<\/p>\n\n\n\n<p>Indic\u00f3 que se promover\u00e1 la restituci\u00f3n de derechos y de tierras a ejidatarios, comuneros, campesinos y comunidades despojadas por la ambici\u00f3n neoliberal y por grupos de inter\u00e9s que han recurrido a la amenaza y a la violencia para vulnerar su derecho a la tierra, el territorio y a la autonom\u00eda de los pueblos originarios.\u00a0<\/p>\n\n\n\n<figure class=\"wp-block-embed is-type-rich is-provider-twitter wp-block-embed-twitter\"><div class=\"wp-block-embed__wrapper\">\n<div class=\"twitter-tweet\"><blockquote class=\"twitter-tweet\" data-lang=\"es\"><p lang=\"es\" dir=\"ltr\"><a href=\"https:\/\/twitter.com\/hashtag\/EleccionesOaxaca2022?src=hash&amp;ref_src=twsrc%5Etfw\">#EleccionesOaxaca2022<\/a> <br>\u201cCada regi\u00f3n de <a href=\"https:\/\/twitter.com\/hashtag\/Oaxaca?src=hash&amp;ref_src=twsrc%5Etfw\">#Oaxaca<\/a> tiene sus propias necesidades, pero todas tiene un enorme potencial. Eso es lo que vamos a aprovechar para sumar el trabajo de nuestro gobierno con los proyectos impulsados por \u2018Ya sabes qui\u00e9n\u2019\u201d, dice <a href=\"https:\/\/twitter.com\/salomonj?ref_src=twsrc%5Etfw\">@salomonj<\/a>. <a href=\"https:\/\/t.co\/oNQym7CcPT\">pic.twitter.com\/oNQym7CcPT<\/a><\/p>&mdash; Zona Roja Oaxaca (@ZonaRoja_Oaxaca) <a href=\"https:\/\/twitter.com\/ZonaRoja_Oaxaca\/status\/1522763275804499969?ref_src=twsrc%5Etfw\">7 de mayo de 2022<\/a><\/blockquote><\/div>\n<\/div><\/figure>\n\n\n\n<p>\u201cAdoptaremos la premisa del respeto a los derechos de los pueblos y comunidades ind\u00edgenas de Oaxaca, y que sea a trav\u00e9s del di\u00e1logo continuo como se garantice a los pueblos y comunidades ind\u00edgenas su derecho de participaci\u00f3n en la toma de decisiones de los asuntos que sean susceptibles de afectarles particularmente, ya sea en el aprovechamiento de sus tierras, territorios, recursos naturales; su culturas y formas de organizaci\u00f3n.\u201d, se\u00f1al\u00f3.&nbsp;<\/p>\n\n\n\n<p>Jara Cruz mencion\u00f3 que, para consolidar este nuevo modelo de bienestar social, se fortalecer\u00e1 la pensi\u00f3n para adultos mayores, particularmente de pueblos y comunidades ind\u00edgenas, y se garantizar\u00e1 su universalidad.<\/p>\n\n\n\n<p>En materia educativa, se formar\u00e1 una alianza educativa entre el gobierno y el magisterio oaxaque\u00f1o bajo los principios de mejorar la calidad de la ense\u00f1anza y garantizar el respeto por la cultura ind\u00edgena en sus contenidos y se establecer\u00e1 un Programa de Becas a Estudiantes de Educaci\u00f3n Superior de comunidades ind\u00edgenas.<\/p>\n\n\n\n<p>\u201cSoy orgullosamente un ind\u00edgena zapoteca y conozco de primera mano la pobreza y las necesidades de nuestros pueblos originarios y, por ello, mi compromiso es que el pr\u00f3ximo gobierno de la transformaci\u00f3n cumpla con su responsabilidad de garantizar los derechos constitucionales a la salud, estudio, trabajo digno, vivienda y seguridad de nuestras comunidades originarias\u201d, concluy\u00f3 Salom\u00f3n Jara Cruz, candidato de la Coalici\u00f3n \u201cJuntos Hacemos Historia en Oaxaca\u201d.<\/p>\n","protected":false},"excerpt":{"rendered":"<p>Redacci\u00f3n\/Zona Roja. Oaxaca de Ju\u00e1rez Oax., 7 de mayo de 2022.- \u201cNunca m\u00e1s un gobierno&hellip;<\/p>\n","protected":false},"author":2,"featured_media":40882,"comment_status":"closed","ping_status":"open","sticky":false,"template":"","format":"standard","meta":{"_lmt_disableupdate":"","_lmt_disable":"","_jetpack_memberships_contains_paid_content":false,"footnotes":""},"categories":[109,47],"tags":[2879,939],"class_list":["post-40881","post","type-post","status-publish","format-standard","has-post-thumbnail","hentry","category-minuto-a-minuto","category-zona-gris","tag-elecciones-oaxaca-2022","tag-salomon-jara-cruz"],"jetpack_featured_media_url":"https:\/\/zonaroja.com.mx\/wp-content\/uploads\/2022\/05\/Salomon-Jara-en-Cuenca.jpg","jetpack_sharing_enabled":true,"_links":{"self":[{"href":"https:\/\/zonaroja.com.mx\/index.php?rest_route=\/wp\/v2\/posts\/40881","targetHints":{"allow":["GET"]}}],"collection":[{"href":"https:\/\/zonaroja.com.mx\/index.php?rest_route=\/wp\/v2\/posts"}],"about":[{"href":"https:\/\/zonaroja.com.mx\/index.php?rest_route=\/wp\/v2\/types\/post"}],"author":[{"embeddable":true,"href":"https:\/\/zonaroja.com.mx\/index.php?rest_route=\/wp\/v2\/users\/2"}],"replies":[{"embeddable":true,"href":"https:\/\/zonaroja.com.mx\/index.php?rest_route=%2Fwp%2Fv2%2Fcomments&post=40881"}],"version-history":[{"count":1,"href":"https:\/\/zonaroja.com.mx\/index.php?rest_route=\/wp\/v2\/posts\/40881\/revisions"}],"predecessor-version":[{"id":40883,"href":"https:\/\/zonaroja.com.mx\/index.php?rest_route=\/wp\/v2\/posts\/40881\/revisions\/40883"}],"wp:featuredmedia":[{"embeddable":true,"href":"https:\/\/zonaroja.com.mx\/index.php?rest_route=\/wp\/v2\/media\/40882"}],"wp:attachment":[{"href":"https:\/\/zonaroja.com.mx\/index.php?rest_route=%2Fwp%2Fv2%2Fmedia&parent=40881"}],"wp:term":[{"taxonomy":"category","embeddable":true,"href":"https:\/\/zonaroja.com.mx\/index.php?rest_route=%2Fwp%2Fv2%2Fcategories&post=40881"},{"taxonomy":"post_tag","embeddable":true,"href":"https:\/\/zonaroja.com.mx\/index.php?rest_route=%2Fwp%2Fv2%2Ftags&post=40881"}],"curies":[{"name":"wp","href":"https:\/\/api.w.org\/{rel}","templated":true}]}}