{"id":40884,"date":"2022-05-07T10:18:00","date_gmt":"2022-05-07T15:18:00","guid":{"rendered":"http:\/\/www.zonaroja.com.mx\/?p=40884"},"modified":"2022-05-07T07:20:04","modified_gmt":"2022-05-07T12:20:04","slug":"habra-oportunidades-para-todos-para-que-no-tengan-que-salir-de-su-tierra-aviles","status":"publish","type":"post","link":"https:\/\/zonaroja.com.mx\/?p=40884","title":{"rendered":"Habr\u00e1 oportunidades para todos, para que no tengan que salir de su tierra: Avil\u00e9s"},"content":{"rendered":"\n<p>Redacci\u00f3n\/Zona Roja.<\/p>\n\n\n\n<p>Oaxaca de Ju\u00e1rez, Oax., 7 de mayo de 2022.- Al reunirse ante una comunidad de m\u00e1s de 2 mil oaxaque\u00f1as y oaxaque\u00f1os radicados en Ciudad Nezahualc\u00f3yotl, del Estado de M\u00e9xico, el candidato del PRI-PRD a la gubernatura de Oaxaca, Alejandro Avil\u00e9s \u00c1lvarez, refrend\u00f3 su compromiso de generar durante su gobierno, acciones y programas de desarrollo, progreso y justicia para que nadie tenga que dejar su tierra y su familia por falta de oportunidades.&nbsp;<\/p>\n\n\n\n<p>\u201cLo m\u00e1s valioso que tiene el ser humano es la palabra y el honor, delante de mis paisanos aqu\u00ed en Nezahualc\u00f3yotl, de mis paisanos de Los Reyes La Paz, de mis paisanos del Valle de Chalco; de mis paisanos y amigos dirigentes de mi partido y del PRD, les doy mi palabra de honor que no les voy a fallar en Oaxaca en los pr\u00f3ximos seis a\u00f1os\u201d, recalc\u00f3.&nbsp;<\/p>\n\n\n\n<p>Durante este encuentro festivo, Alejandro Avil\u00e9s sostuvo que su campa\u00f1a se destaca por el anuncio de propuestas reales y de gran impacto para las familias de Oaxaca, que no permiten la confrontaci\u00f3n y el encono, porque las y los oaxaque\u00f1os le apuestan a la unidad y fuerza para salir adelante.\u00a0<\/p>\n\n\n\n<figure class=\"wp-block-embed is-type-rich is-provider-twitter wp-block-embed-twitter\"><div class=\"wp-block-embed__wrapper\">\n<div class=\"twitter-tweet\"><blockquote class=\"twitter-tweet\" data-lang=\"es\"><p lang=\"es\" dir=\"ltr\"><a href=\"https:\/\/twitter.com\/hashtag\/EleccionesOaxaca2022?src=hash&amp;ref_src=twsrc%5Etfw\">#EleccionesOaxaca2022<\/a><br>Este viernes, el candidato <a href=\"https:\/\/twitter.com\/_AvilesAlvarez?ref_src=twsrc%5Etfw\">@_AvilesAlvarez<\/a> estuvo en Ciudad Nezahualc\u00f3yotl, Estado de M\u00e9xico, donde visit\u00f3 a los paisanos. <br>\u201cNo importa si estamos lejos, los oaxaque\u00f1os llevamos a nuestro estado en el coraz\u00f3n\u201d, dijo.<a href=\"https:\/\/twitter.com\/hashtag\/AlTriplePorOaxaca?src=hash&amp;ref_src=twsrc%5Etfw\">#AlTriplePorOaxaca<\/a> <a href=\"https:\/\/t.co\/UUotMDO5kH\">pic.twitter.com\/UUotMDO5kH<\/a><\/p>&mdash; Zona Roja Oaxaca (@ZonaRoja_Oaxaca) <a href=\"https:\/\/twitter.com\/ZonaRoja_Oaxaca\/status\/1522788540802899968?ref_src=twsrc%5Etfw\">7 de mayo de 2022<\/a><\/blockquote><\/div>\n<\/div><\/figure>\n\n\n\n<p>\u201cNo solo se trata de Alejandro Avil\u00e9s, se trata de Oaxaca de tener mejor salud, se trata de nuestras carreteras, nuestras autopistas, de nuestros proyectos, megaproyectos, del trans\u00edstmico, del gasoducto en el Istmo de Tehuantepec, se trata de la seguridad, de la tranquilidad y de la paz para nuestros familiares, nuestras hijas y nuestros hijos\u201d, abund\u00f3.&nbsp;<\/p>\n\n\n\n<p>En su mensaje central, Alejandro Avil\u00e9s manifest\u00f3 que trabajar\u00e1 con un gabinete paritario, que dar\u00e1 todo su esfuerzo y empe\u00f1o por Oaxaca, conformado por un 50 por ciento de mujeres y un 50 por ciento de hombres, totalmente oaxaque\u00f1os que se encargar\u00e1n de brindar atenci\u00f3n puntual a las necesidades de las ocho regiones del estado, sin compromisos ni intereses personales.&nbsp;<\/p>\n\n\n\n<p>\u201cMi gabinete ser\u00e1 totalmente paritario, pero paritario de fondo porque luego ponen a una mujer de secretaria, pero tienen m\u00e1s espacios y solo ponen a una mujer de subsecretaria y a una directora, pero en todo lo dem\u00e1s son hombres, en este gobierno que voy a encabezar todo ser\u00e1 parejo\u201d, agreg\u00f3.<\/p>\n","protected":false},"excerpt":{"rendered":"<p>Redacci\u00f3n\/Zona Roja. Oaxaca de Ju\u00e1rez, Oax., 7 de mayo de 2022.- Al reunirse ante una&hellip;<\/p>\n","protected":false},"author":2,"featured_media":40885,"comment_status":"closed","ping_status":"open","sticky":false,"template":"","format":"standard","meta":{"_lmt_disableupdate":"","_lmt_disable":"","_jetpack_memberships_contains_paid_content":false,"footnotes":""},"categories":[109,46],"tags":[316,2879],"class_list":["post-40884","post","type-post","status-publish","format-standard","has-post-thumbnail","hentry","category-minuto-a-minuto","category-zona-blanca","tag-alejandro-aviles-alvarez","tag-elecciones-oaxaca-2022"],"jetpack_featured_media_url":"https:\/\/zonaroja.com.mx\/wp-content\/uploads\/2022\/05\/Alejandro-Aviles-Nezahualcoyotl.jpg","jetpack_sharing_enabled":true,"_links":{"self":[{"href":"https:\/\/zonaroja.com.mx\/index.php?rest_route=\/wp\/v2\/posts\/40884","targetHints":{"allow":["GET"]}}],"collection":[{"href":"https:\/\/zonaroja.com.mx\/index.php?rest_route=\/wp\/v2\/posts"}],"about":[{"href":"https:\/\/zonaroja.com.mx\/index.php?rest_route=\/wp\/v2\/types\/post"}],"author":[{"embeddable":true,"href":"https:\/\/zonaroja.com.mx\/index.php?rest_route=\/wp\/v2\/users\/2"}],"replies":[{"embeddable":true,"href":"https:\/\/zonaroja.com.mx\/index.php?rest_route=%2Fwp%2Fv2%2Fcomments&post=40884"}],"version-history":[{"count":1,"href":"https:\/\/zonaroja.com.mx\/index.php?rest_route=\/wp\/v2\/posts\/40884\/revisions"}],"predecessor-version":[{"id":40886,"href":"https:\/\/zonaroja.com.mx\/index.php?rest_route=\/wp\/v2\/posts\/40884\/revisions\/40886"}],"wp:featuredmedia":[{"embeddable":true,"href":"https:\/\/zonaroja.com.mx\/index.php?rest_route=\/wp\/v2\/media\/40885"}],"wp:attachment":[{"href":"https:\/\/zonaroja.com.mx\/index.php?rest_route=%2Fwp%2Fv2%2Fmedia&parent=40884"}],"wp:term":[{"taxonomy":"category","embeddable":true,"href":"https:\/\/zonaroja.com.mx\/index.php?rest_route=%2Fwp%2Fv2%2Fcategories&post=40884"},{"taxonomy":"post_tag","embeddable":true,"href":"https:\/\/zonaroja.com.mx\/index.php?rest_route=%2Fwp%2Fv2%2Ftags&post=40884"}],"curies":[{"name":"wp","href":"https:\/\/api.w.org\/{rel}","templated":true}]}}