{"id":40896,"date":"2022-05-07T17:10:06","date_gmt":"2022-05-07T22:10:06","guid":{"rendered":"https:\/\/www.zonaroja.com.mx\/?p=40896"},"modified":"2022-05-07T17:10:08","modified_gmt":"2022-05-07T22:10:08","slug":"violencia-en-bloqueo-en-san-miguel-chimalapa-deja-heridos-acusan-a-edil","status":"publish","type":"post","link":"https:\/\/zonaroja.com.mx\/?p=40896","title":{"rendered":"Violencia en bloqueo en San Miguel Chimalapa deja heridos; acusan a edil"},"content":{"rendered":"\n<p>Yuridiana Sosa\/Zona Roja.<\/p>\n\n\n\n<p>Oaxaca de Ju\u00e1rez, Oax., 7 de mayo de 2022.- Quema de veh\u00edculos, disparos y golpes, se registraron en el bloque que habitantes de Cieneguilla de San Miguel Chimalapas, en la regi\u00f3n del Istmo, instalaron en un camino local.&nbsp;<\/p>\n\n\n\n<p>Pobladores denunciaron que el edil Francisco Guti\u00e9rrez S\u00e1nchez propici\u00f3 la violencia para el desalojo de los inconformes, quienes exigen la entrega de recursos del Ramo 33 y Fondo III.<\/p>\n\n\n\n<p>De acuerdo con las primeras versiones de los hechos, se contabilizan al menos cuatro personas lesionadas tras una gresca con grupos contrarios.<\/p>\n\n\n\n<p>El bloqueo comenz\u00f3&nbsp;este viernes&nbsp;en el camino que comunica a la poblaci\u00f3n de Vista Hermosa con San Miguel Chimalapa, hasta donde arrib\u00f3 este s\u00e1bado la Guardia Nacional, pero al retirarse los \u00e1nimos se calentaron. Se registraron disparos de armas y la quema de un cami\u00f3n tipo volteo que hab\u00edan ocupado para cerrar la circulaci\u00f3n, sin que se tenga certeza por parte de qui\u00e9nes.<\/p>\n\n\n\n<p>Esta no es la primera vez que los pobladores de San Miguel Chimalapas se manifiestan contra el edil por la falta de entrega de recursos.<\/p>\n\n\n\n<p>Incluso en agosto de 2020 esta misma comunidad, junto con pobladores de Vista Hermosa, Los Limones y Las Anonas bloquearon vialidades para exigir liberaci\u00f3n de recursos correspondientes al programa Mejoramiento de Vivienda.<\/p>\n","protected":false},"excerpt":{"rendered":"<p>Yuridiana Sosa\/Zona Roja. Oaxaca de Ju\u00e1rez, Oax., 7 de mayo de 2022.- Quema de veh\u00edculos,&hellip;<\/p>\n","protected":false},"author":2,"featured_media":40895,"comment_status":"closed","ping_status":"open","sticky":false,"template":"","format":"standard","meta":{"_lmt_disableupdate":"","_lmt_disable":"","_jetpack_memberships_contains_paid_content":false,"footnotes":""},"categories":[109,47],"tags":[],"class_list":["post-40896","post","type-post","status-publish","format-standard","has-post-thumbnail","hentry","category-minuto-a-minuto","category-zona-gris"],"jetpack_featured_media_url":"https:\/\/zonaroja.com.mx\/wp-content\/uploads\/2022\/05\/26739fb6-713e-48db-93c0-6f2de5112149.jpg","jetpack_sharing_enabled":true,"_links":{"self":[{"href":"https:\/\/zonaroja.com.mx\/index.php?rest_route=\/wp\/v2\/posts\/40896","targetHints":{"allow":["GET"]}}],"collection":[{"href":"https:\/\/zonaroja.com.mx\/index.php?rest_route=\/wp\/v2\/posts"}],"about":[{"href":"https:\/\/zonaroja.com.mx\/index.php?rest_route=\/wp\/v2\/types\/post"}],"author":[{"embeddable":true,"href":"https:\/\/zonaroja.com.mx\/index.php?rest_route=\/wp\/v2\/users\/2"}],"replies":[{"embeddable":true,"href":"https:\/\/zonaroja.com.mx\/index.php?rest_route=%2Fwp%2Fv2%2Fcomments&post=40896"}],"version-history":[{"count":1,"href":"https:\/\/zonaroja.com.mx\/index.php?rest_route=\/wp\/v2\/posts\/40896\/revisions"}],"predecessor-version":[{"id":40897,"href":"https:\/\/zonaroja.com.mx\/index.php?rest_route=\/wp\/v2\/posts\/40896\/revisions\/40897"}],"wp:featuredmedia":[{"embeddable":true,"href":"https:\/\/zonaroja.com.mx\/index.php?rest_route=\/wp\/v2\/media\/40895"}],"wp:attachment":[{"href":"https:\/\/zonaroja.com.mx\/index.php?rest_route=%2Fwp%2Fv2%2Fmedia&parent=40896"}],"wp:term":[{"taxonomy":"category","embeddable":true,"href":"https:\/\/zonaroja.com.mx\/index.php?rest_route=%2Fwp%2Fv2%2Fcategories&post=40896"},{"taxonomy":"post_tag","embeddable":true,"href":"https:\/\/zonaroja.com.mx\/index.php?rest_route=%2Fwp%2Fv2%2Ftags&post=40896"}],"curies":[{"name":"wp","href":"https:\/\/api.w.org\/{rel}","templated":true}]}}