{"id":40898,"date":"2022-05-07T18:32:24","date_gmt":"2022-05-07T23:32:24","guid":{"rendered":"http:\/\/www.zonaroja.com.mx\/?p=40898"},"modified":"2022-05-07T18:32:25","modified_gmt":"2022-05-07T23:32:25","slug":"opinion-un-millon-de-maestros","status":"publish","type":"post","link":"https:\/\/zonaroja.com.mx\/?p=40898","title":{"rendered":"Opini\u00f3n. Un mill\u00f3n de maestros"},"content":{"rendered":"\n<p>Gibr\u00e1b Ram\u00edrez Reyes*<\/p>\n\n\n\n<p>Seg\u00fan Marx Arriaga, quien enga\u00f1a al Presidente para llevar a cabo una reforma educativa desde la reconfiguraci\u00f3n de los libros de texto y los planes de estudio, m\u00e1s de un mill\u00f3n de docentes ha participado del proceso, en un aut\u00e9ntico movimiento de transformaci\u00f3n revolucionario y anclado abajo.&nbsp;<\/p>\n\n\n\n<p>Se tratar\u00eda de un acontecimiento hist\u00f3rico \u2014\u201cun momento fundacional\u201d dice\u2014 e implicar\u00eda que, por cada una de las 26 \u201casambleas\u201d regionales que realiz\u00f3 (en realidad foros), se hubieran presentado 38 mil trabajadores de la educaci\u00f3n, hubieran discutido enfoques, contenidos, sutilezas.&nbsp;<\/p>\n\n\n\n<p>Ese mill\u00f3n, argumenta, pide y por tanto defender\u00e1 la nueva escuela mexicana. Extra\u00f1amente y seg\u00fan anticip\u00f3 en conferencia presidencial, la petici\u00f3n, despu\u00e9s de los foros regionales, de cientos de miles de profesores, coincide con los anhelos que Arriaga vislumbr\u00f3 en los documentos que present\u00f3 ante ellos en calidad de borrador y que pugnan por un revoltijo decolonial, antipatriarcal, anticonductista, antieuroc\u00e9ntrico, antiracista, antipunitivista, ret\u00f3rico, bot\u00e1nico y sistema decimal.&nbsp;<\/p>\n\n\n\n<p>Arriaga, pretendido radical de izquierda, recuerda con su discurso a Rangel Sostmann, el ex rector del Tec de Monterrey que ote\u00f3 una \u201crevoluci\u00f3n educativa\u201d que cambie lo hecho en los dos siglos m\u00e1s recientes.&nbsp;<\/p>\n\n\n\n<p>Para disimular su vanguardismo providencial, miente por sistema: al presidente, a los medios, a la naci\u00f3n. Ya lo ha exhibido en entrevista para Educaci\u00f3n Futura Erick Ju\u00e1rez: Arriaga, en presunta cita textual, dijo que la OCDE dec\u00eda que la reforma educativa era un asunto muy importante como para dej\u00e1rselo a los maestros.&nbsp;<\/p>\n\n\n\n<p>Ju\u00e1rez lo confront\u00f3 con la versi\u00f3n original del documento, que no dec\u00eda eso, sino que la reforma era muy importante, demasiado, como para dejar solos a los maestros.&nbsp;<\/p>\n\n\n\n<p>Para Arriaga, \u201cdej\u00e1rselo a los educadores\u201d es lo mismo que \u201cdejar solos a los educadores\u201d. Acepta que, quiz\u00e1, cambi\u00f3 un adverbio, pero, dice, no lo hizo como acad\u00e9mico, sino como funcionario, donde al parecer la mentira se vale para dar la lucha.&nbsp;<\/p>\n\n\n\n<p>\u00bfSer\u00e1 ese el espa\u00f1ol-\u00e9tico de los nuevos planes? Puede verse aqu\u00ed en el minuto 24:40&nbsp; No hubo un mill\u00f3n de maestros en los foros motejados asambleas que se dejaron en manos de los gobiernos y secretar\u00edas estatales, ni tales docentes defienden la idea de Arriaga.&nbsp;<\/p>\n\n\n\n<p>Eso es otra mentira. Las pruebas est\u00e1n en las redes de la Direcci\u00f3n General de Materiales Educativos. En algunos foros se contaron, con trabajos, unas pocas decenas.&nbsp;<\/p>\n\n\n\n<p>En otros, el n\u00famero se elev\u00f3. En ninguno pudo contarse con la participaci\u00f3n de miles de personas, menos de decenas de miles, de modo que s\u00f3lo podr\u00eda llegarse al mill\u00f3n sumando 1) los asistentes f\u00edsicamente, 2) las vistas de cada video publicado en Facebook y en YouTube, 3) las propuestas que se hicieron llegar por escrito (requisitos para la asistencia de quienes fueron f\u00edsicamente) y 4) una encuesta por internet que se mand\u00f3 a todo el personal.&nbsp;<\/p>\n\n\n\n<p>\u00bfSer\u00e1n las matem\u00e1ticas-comunitarias de los nuevos planes? Esto es otra reforma burocr\u00e1tica \u2014sin base magisterial\u2014 con ilusiones distintas a la neoliberal, pero igualmente ilusa, sin anclaje en la realidad.&nbsp;<\/p>\n\n\n\n<p>Lo bueno es que, seg\u00fan se ha dicho en voz baja, esos materiales estar\u00e1n listos en 2023. \u00bfSer\u00e1 que de aqu\u00ed a entonces puedan concentrarse en el abandono escolar, los hu\u00e9rfanos, el atraso generado por la pandemia?&nbsp;&nbsp;<\/p>\n\n\n\n<p>*Doctor en ciencia pol\u00edtica por la UNAM.<\/p>\n\n\n\n<p>@gibranrr&nbsp;<\/p>\n","protected":false},"excerpt":{"rendered":"<p>Gibr\u00e1b Ram\u00edrez Reyes* Seg\u00fan Marx Arriaga, quien enga\u00f1a al Presidente para llevar a cabo una&hellip;<\/p>\n","protected":false},"author":2,"featured_media":24099,"comment_status":"closed","ping_status":"open","sticky":false,"template":"","format":"standard","meta":{"_lmt_disableupdate":"","_lmt_disable":"","_jetpack_memberships_contains_paid_content":false,"footnotes":""},"categories":[456,109],"tags":[2489],"class_list":["post-40898","post","type-post","status-publish","format-standard","has-post-thumbnail","hentry","category-columna","category-minuto-a-minuto","tag-gibran-ramirez-reyes"],"jetpack_featured_media_url":"https:\/\/zonaroja.com.mx\/wp-content\/uploads\/2021\/02\/Gibran-Ramirez-Reyes.jpg","jetpack_sharing_enabled":true,"_links":{"self":[{"href":"https:\/\/zonaroja.com.mx\/index.php?rest_route=\/wp\/v2\/posts\/40898","targetHints":{"allow":["GET"]}}],"collection":[{"href":"https:\/\/zonaroja.com.mx\/index.php?rest_route=\/wp\/v2\/posts"}],"about":[{"href":"https:\/\/zonaroja.com.mx\/index.php?rest_route=\/wp\/v2\/types\/post"}],"author":[{"embeddable":true,"href":"https:\/\/zonaroja.com.mx\/index.php?rest_route=\/wp\/v2\/users\/2"}],"replies":[{"embeddable":true,"href":"https:\/\/zonaroja.com.mx\/index.php?rest_route=%2Fwp%2Fv2%2Fcomments&post=40898"}],"version-history":[{"count":1,"href":"https:\/\/zonaroja.com.mx\/index.php?rest_route=\/wp\/v2\/posts\/40898\/revisions"}],"predecessor-version":[{"id":40899,"href":"https:\/\/zonaroja.com.mx\/index.php?rest_route=\/wp\/v2\/posts\/40898\/revisions\/40899"}],"wp:featuredmedia":[{"embeddable":true,"href":"https:\/\/zonaroja.com.mx\/index.php?rest_route=\/wp\/v2\/media\/24099"}],"wp:attachment":[{"href":"https:\/\/zonaroja.com.mx\/index.php?rest_route=%2Fwp%2Fv2%2Fmedia&parent=40898"}],"wp:term":[{"taxonomy":"category","embeddable":true,"href":"https:\/\/zonaroja.com.mx\/index.php?rest_route=%2Fwp%2Fv2%2Fcategories&post=40898"},{"taxonomy":"post_tag","embeddable":true,"href":"https:\/\/zonaroja.com.mx\/index.php?rest_route=%2Fwp%2Fv2%2Ftags&post=40898"}],"curies":[{"name":"wp","href":"https:\/\/api.w.org\/{rel}","templated":true}]}}