{"id":40900,"date":"2022-05-07T19:15:14","date_gmt":"2022-05-08T00:15:14","guid":{"rendered":"http:\/\/www.zonaroja.com.mx\/?p=40900"},"modified":"2022-05-07T19:15:16","modified_gmt":"2022-05-08T00:15:16","slug":"arrecian-incendios-en-oaxaca-suman-104-este-ano-con-danos-a-8-mil-has","status":"publish","type":"post","link":"https:\/\/zonaroja.com.mx\/?p=40900","title":{"rendered":"Arrecian incendios en Oaxaca: suman 104 este a\u00f1o, con da\u00f1os a 8 mil has"},"content":{"rendered":"\n<p>Redacci\u00f3n\/Zona Roja.<\/p>\n\n\n\n<p>Oaxaca de Ju\u00e1rez, Oax., 7 de mayo de 2022.- Aproximadamente ocho mil hect\u00e1reas de selvas y bosques han sido siniestradas por 104 incendios forestales registrados de enero de este a\u00f1o a la fecha.<\/p>\n\n\n\n<p>Y nuevamente, se registra una conflagraci\u00f3n en la zona de los Chimalapa, ahora en el municipio de Santa Maria que inici\u00f3 ayer.<\/p>\n\n\n\n<p>De acuerdo con la Comisi\u00f3n Estatal Forestal de Oaxaca (Coesfo), hasta la tarde de ayer se contabilizaban seis incendios activos, en San Miguel Quetzaltepec, Mesones Hidalgo, San Felipe Jalapa de D\u00edaz, San Francisco Tlapancigo, Villa Hidalgo Yal\u00e1lag, adem\u00e1s del mencionado en Santa Maria Chimalapa.<\/p>\n\n\n\n<p>Con respecto a Yal\u00e1lag, la conflagraci\u00f3n inici\u00f3 hoy y se intensific\u00f3 este s\u00e1bado, por lo cual autoridades municipales y comunales pidieron un mayor apoyo de los gobiernos estatal y federal, pues se ha extendido a cinco pueblos aleda\u00f1os, entre ellos Mixistl\u00e1n y Chichicaxtepec.<\/p>\n\n\n\n<p>Ante ello, la Comisi\u00f3n Estatal Forestal report\u00f3 que ya se solicit\u00f3 el apoyo de la Secretar\u00eda de la Defensa Nacional, para sumarse a las labores de la brigada oficial que lleg\u00f3 a la zona ayer por la tarde.<\/p>\n","protected":false},"excerpt":{"rendered":"<p>Redacci\u00f3n\/Zona Roja. Oaxaca de Ju\u00e1rez, Oax., 7 de mayo de 2022.- Aproximadamente ocho mil hect\u00e1reas&hellip;<\/p>\n","protected":false},"author":2,"featured_media":40901,"comment_status":"closed","ping_status":"open","sticky":false,"template":"","format":"standard","meta":{"_lmt_disableupdate":"","_lmt_disable":"","_jetpack_memberships_contains_paid_content":false,"footnotes":""},"categories":[109,47],"tags":[1256],"class_list":["post-40900","post","type-post","status-publish","format-standard","has-post-thumbnail","hentry","category-minuto-a-minuto","category-zona-gris","tag-incendios-forestales-oaxaca"],"jetpack_featured_media_url":"https:\/\/zonaroja.com.mx\/wp-content\/uploads\/2022\/05\/Incendios-Oaxaca.jpg","jetpack_sharing_enabled":true,"_links":{"self":[{"href":"https:\/\/zonaroja.com.mx\/index.php?rest_route=\/wp\/v2\/posts\/40900","targetHints":{"allow":["GET"]}}],"collection":[{"href":"https:\/\/zonaroja.com.mx\/index.php?rest_route=\/wp\/v2\/posts"}],"about":[{"href":"https:\/\/zonaroja.com.mx\/index.php?rest_route=\/wp\/v2\/types\/post"}],"author":[{"embeddable":true,"href":"https:\/\/zonaroja.com.mx\/index.php?rest_route=\/wp\/v2\/users\/2"}],"replies":[{"embeddable":true,"href":"https:\/\/zonaroja.com.mx\/index.php?rest_route=%2Fwp%2Fv2%2Fcomments&post=40900"}],"version-history":[{"count":1,"href":"https:\/\/zonaroja.com.mx\/index.php?rest_route=\/wp\/v2\/posts\/40900\/revisions"}],"predecessor-version":[{"id":40902,"href":"https:\/\/zonaroja.com.mx\/index.php?rest_route=\/wp\/v2\/posts\/40900\/revisions\/40902"}],"wp:featuredmedia":[{"embeddable":true,"href":"https:\/\/zonaroja.com.mx\/index.php?rest_route=\/wp\/v2\/media\/40901"}],"wp:attachment":[{"href":"https:\/\/zonaroja.com.mx\/index.php?rest_route=%2Fwp%2Fv2%2Fmedia&parent=40900"}],"wp:term":[{"taxonomy":"category","embeddable":true,"href":"https:\/\/zonaroja.com.mx\/index.php?rest_route=%2Fwp%2Fv2%2Fcategories&post=40900"},{"taxonomy":"post_tag","embeddable":true,"href":"https:\/\/zonaroja.com.mx\/index.php?rest_route=%2Fwp%2Fv2%2Ftags&post=40900"}],"curies":[{"name":"wp","href":"https:\/\/api.w.org\/{rel}","templated":true}]}}