{"id":40904,"date":"2022-05-07T20:18:20","date_gmt":"2022-05-08T01:18:20","guid":{"rendered":"http:\/\/www.zonaroja.com.mx\/?p=40904"},"modified":"2022-05-07T20:21:56","modified_gmt":"2022-05-08T01:21:56","slug":"excesos-en-megatequio-en-la-uabjo-tumba-antena-de-radio-universidad","status":"publish","type":"post","link":"https:\/\/zonaroja.com.mx\/?p=40904","title":{"rendered":"Excesos en megatequio en la UABJO: tumba antena de Radio Universidad"},"content":{"rendered":"\n<p>Redacci\u00f3n\/Informativo 570.<\/p>\n\n\n\n<p>Oaxaca de Ju\u00e1rez, Oax., 7 de mayo de 2022.- Trabajadores de Caminos y Aeropistas de Oaxaca (CAO), que ingresaron a Ciudad Universitaria para apoyar en las labores del megatequio que convoc\u00f3 el viernes el rector Crisitian \u00c9der Carre\u00f1o L\u00f3pez, derribaron la torre y la antena de transmisiones de Radio Universidad, por lo que la emisora del 91.5 de FM estar\u00e1 fuera del aire temporalmente.&nbsp;<\/p>\n\n\n\n<p>\u201cA las 10.45 horas, trabajadores que realizaban labores de desmonte en la parte trasera del predio que alberga este edificio, derribaron la torre y la antena de transmisiones de nuestra emisora.&nbsp;<\/p>\n\n\n\n<p>\u00abLa direcci\u00f3n a mi cargo no fue informada en ning\u00fan momento que entrar\u00eda maquinaria pesada en esa zona del predio. Dado que la torre que sostiene nuestra antena abarca una amplia superficie, existen ciertas restricciones para realizar labores de limpieza en ese predio, donde tambi\u00e9n se construye el edificio de la Escuela de Optometr\u00eda\u00bb\u201d, se\u00f1al\u00f3 en un comunicado, Miguel \u00c1ngel V\u00e1squez de la Rosa, director de Radio Universidad.&nbsp;<\/p>\n\n\n\n<p>Detall\u00f3 que las personas que realizaban el &nbsp;trabajo dijeron ser trabajadores de CAO (Caminos y Aeropostal de Oaxaca) y quienes &nbsp;supervisaban los trabajos explicaron que las indicaciones que recibieron fue que hicieran limpieza total, por lo que podaron \u00e1rboles y arbustos.&nbsp;<\/p>\n\n\n\n<p>Una de las ramas de los \u00e1rboles ocasion\u00f3, que se rompieran los tensores de la torre que mide m\u00e1s de 40 metros de altura.&nbsp;<\/p>\n\n\n\n<p>Ante esta situaci\u00f3n, V\u00e1squez de la Rosa dijo que inform\u00f3 al rector de lo sucedido y valorar\u00e1n el da\u00f1o ocasionado y el costo que este tendr\u00e1 para su reparaci\u00f3n; los resultados los tendr\u00e1n hasta la pr\u00f3xima semana.<\/p>\n","protected":false},"excerpt":{"rendered":"<p>Redacci\u00f3n\/Informativo 570. Oaxaca de Ju\u00e1rez, Oax., 7 de mayo de 2022.- Trabajadores de Caminos y&hellip;<\/p>\n","protected":false},"author":2,"featured_media":40908,"comment_status":"closed","ping_status":"open","sticky":false,"template":"","format":"standard","meta":{"_lmt_disableupdate":"","_lmt_disable":"","_jetpack_memberships_contains_paid_content":false,"footnotes":""},"categories":[109,47],"tags":[],"class_list":["post-40904","post","type-post","status-publish","format-standard","has-post-thumbnail","hentry","category-minuto-a-minuto","category-zona-gris"],"jetpack_featured_media_url":"https:\/\/zonaroja.com.mx\/wp-content\/uploads\/2022\/05\/img_7741.jpg","jetpack_sharing_enabled":true,"_links":{"self":[{"href":"https:\/\/zonaroja.com.mx\/index.php?rest_route=\/wp\/v2\/posts\/40904","targetHints":{"allow":["GET"]}}],"collection":[{"href":"https:\/\/zonaroja.com.mx\/index.php?rest_route=\/wp\/v2\/posts"}],"about":[{"href":"https:\/\/zonaroja.com.mx\/index.php?rest_route=\/wp\/v2\/types\/post"}],"author":[{"embeddable":true,"href":"https:\/\/zonaroja.com.mx\/index.php?rest_route=\/wp\/v2\/users\/2"}],"replies":[{"embeddable":true,"href":"https:\/\/zonaroja.com.mx\/index.php?rest_route=%2Fwp%2Fv2%2Fcomments&post=40904"}],"version-history":[{"count":1,"href":"https:\/\/zonaroja.com.mx\/index.php?rest_route=\/wp\/v2\/posts\/40904\/revisions"}],"predecessor-version":[{"id":40906,"href":"https:\/\/zonaroja.com.mx\/index.php?rest_route=\/wp\/v2\/posts\/40904\/revisions\/40906"}],"wp:featuredmedia":[{"embeddable":true,"href":"https:\/\/zonaroja.com.mx\/index.php?rest_route=\/wp\/v2\/media\/40908"}],"wp:attachment":[{"href":"https:\/\/zonaroja.com.mx\/index.php?rest_route=%2Fwp%2Fv2%2Fmedia&parent=40904"}],"wp:term":[{"taxonomy":"category","embeddable":true,"href":"https:\/\/zonaroja.com.mx\/index.php?rest_route=%2Fwp%2Fv2%2Fcategories&post=40904"},{"taxonomy":"post_tag","embeddable":true,"href":"https:\/\/zonaroja.com.mx\/index.php?rest_route=%2Fwp%2Fv2%2Ftags&post=40904"}],"curies":[{"name":"wp","href":"https:\/\/api.w.org\/{rel}","templated":true}]}}