{"id":40907,"date":"2022-05-07T20:24:37","date_gmt":"2022-05-08T01:24:37","guid":{"rendered":"http:\/\/www.zonaroja.com.mx\/?p=40907"},"modified":"2022-05-07T20:24:38","modified_gmt":"2022-05-08T01:24:38","slug":"aumenta-saldo-fatal-en-cuba-27-muertos-81-heridos-y-19-desaparecidos","status":"publish","type":"post","link":"https:\/\/zonaroja.com.mx\/?p=40907","title":{"rendered":"Aumenta saldo fatal en Cuba: 27 muertos, 81 heridos y 19 desaparecidos"},"content":{"rendered":"\n<p>Redacci\u00f3n\/Zona Roja Cdmx.<\/p>\n\n\n\n<p>Ciudad de M\u00e9xico, 7 de mayo de 2022.- El n\u00famero de muertos tras la explosi\u00f3n del viernes pasado en el hotel Saratoga de La Habana, Cuba, se elev\u00f3 a 27, el de heridos subi\u00f3 a 81 y se busca adem\u00e1s a un total de 19 personas, se\u00f1alaron autoridades cubanas este s\u00e1bado.<\/p>\n\n\n\n<p>Del total de lesionados, 37 se encuentran hospitalizados, de los cuales 15 son menores de edad, entre ellos un ni\u00f1o de 10 a\u00f1os. Hay ocho pacientes en estado cr\u00edtico (tres menores) y seis graves (dos de ellos menores).<\/p>\n\n\n\n<p>El Gobierno cubano se mantiene en contacto con el de Espa\u00f1a para la repatriaci\u00f3n del cuerpo de la espa\u00f1ola fallecida, aunque no se ha precisado en una fecha, adelant\u00f3 el gobernador de La Habana, Reinaldo Garc\u00eda, en una rueda de prensa desde el Ministerio de Salud P\u00fablica (Minsap).<\/p>\n\n\n\n<p>(Informaci\u00f3n de la agencia EFE)<\/p>\n","protected":false},"excerpt":{"rendered":"<p>Redacci\u00f3n\/Zona Roja Cdmx. Ciudad de M\u00e9xico, 7 de mayo de 2022.- El n\u00famero de muertos&hellip;<\/p>\n","protected":false},"author":2,"featured_media":40909,"comment_status":"closed","ping_status":"open","sticky":false,"template":"","format":"standard","meta":{"_lmt_disableupdate":"","_lmt_disable":"","_jetpack_memberships_contains_paid_content":false,"footnotes":""},"categories":[109,47],"tags":[3128],"class_list":["post-40907","post","type-post","status-publish","format-standard","has-post-thumbnail","hentry","category-minuto-a-minuto","category-zona-gris","tag-hotel-saratoga-cuba"],"jetpack_featured_media_url":"https:\/\/zonaroja.com.mx\/wp-content\/uploads\/2022\/05\/Hotel-Saratoga-Cuba-1.jpeg","jetpack_sharing_enabled":true,"_links":{"self":[{"href":"https:\/\/zonaroja.com.mx\/index.php?rest_route=\/wp\/v2\/posts\/40907","targetHints":{"allow":["GET"]}}],"collection":[{"href":"https:\/\/zonaroja.com.mx\/index.php?rest_route=\/wp\/v2\/posts"}],"about":[{"href":"https:\/\/zonaroja.com.mx\/index.php?rest_route=\/wp\/v2\/types\/post"}],"author":[{"embeddable":true,"href":"https:\/\/zonaroja.com.mx\/index.php?rest_route=\/wp\/v2\/users\/2"}],"replies":[{"embeddable":true,"href":"https:\/\/zonaroja.com.mx\/index.php?rest_route=%2Fwp%2Fv2%2Fcomments&post=40907"}],"version-history":[{"count":1,"href":"https:\/\/zonaroja.com.mx\/index.php?rest_route=\/wp\/v2\/posts\/40907\/revisions"}],"predecessor-version":[{"id":40910,"href":"https:\/\/zonaroja.com.mx\/index.php?rest_route=\/wp\/v2\/posts\/40907\/revisions\/40910"}],"wp:featuredmedia":[{"embeddable":true,"href":"https:\/\/zonaroja.com.mx\/index.php?rest_route=\/wp\/v2\/media\/40909"}],"wp:attachment":[{"href":"https:\/\/zonaroja.com.mx\/index.php?rest_route=%2Fwp%2Fv2%2Fmedia&parent=40907"}],"wp:term":[{"taxonomy":"category","embeddable":true,"href":"https:\/\/zonaroja.com.mx\/index.php?rest_route=%2Fwp%2Fv2%2Fcategories&post=40907"},{"taxonomy":"post_tag","embeddable":true,"href":"https:\/\/zonaroja.com.mx\/index.php?rest_route=%2Fwp%2Fv2%2Ftags&post=40907"}],"curies":[{"name":"wp","href":"https:\/\/api.w.org\/{rel}","templated":true}]}}