{"id":40917,"date":"2022-05-08T06:44:40","date_gmt":"2022-05-08T11:44:40","guid":{"rendered":"http:\/\/www.zonaroja.com.mx\/?p=40917"},"modified":"2022-05-08T06:44:42","modified_gmt":"2022-05-08T11:44:42","slug":"no-hay-nadie-que-conozca-mejor-el-sentir-de-oaxaquenos-mario-delgado","status":"publish","type":"post","link":"https:\/\/zonaroja.com.mx\/?p=40917","title":{"rendered":"\u201cNo hay nadie que conozca mejor el sentir de oaxaque\u00f1os\u201d: Mario Delgado"},"content":{"rendered":"\n<p>Redacci\u00f3n\/Zona Roja.<\/p>\n\n\n\n<p>Oaxaca de Ju\u00e1rez, Oax., 8 de mayo de 2022.- En Oaxaca no existe nadie que conozca mejor el sentir y las necesidades de los pueblos que Salom\u00f3n Jara Cruz, porque \u00e9l ha vivido y compartido sus preocupaciones m\u00e1s apremiantes, dijo Mario Delgado Carrillo, dirigente nacional de Morena.<\/p>\n\n\n\n<p>Junto al candidato a la gubernatura del Estado por la Coalici\u00f3n \u201cJuntos Hacemos Historia en Oaxaca\u201d, el dirigente nacional morenista refiri\u00f3 que Jara Cruz \u201ces un hombre que viene de abajo, que se ha formado en la lucha y acompa\u00f1ado las causas de la sociedad y que, al igual que el Presidente de M\u00e9xico, recorre constante e incansablemente todos los municipios de la entidad\u201d.<\/p>\n\n\n\n<p>Dijo que, de la mano de \u201cya saben qui\u00e9n\u201d, ha dedicado 30 a\u00f1os de su vida a la lucha por el pueblo oaxaque\u00f1o, y es de los pocos que desde un principio creyeron en el movimiento regenerador.&nbsp;<\/p>\n\n\n\n<p>El abanderado de los partidos Morena, Verde Ecologista, PT y PUP al gobierno de Oaxaca, Salom\u00f3n Jara, manifest\u00f3 que su condici\u00f3n de ind\u00edgena y originario de las comunidades de Oaxaca, lo comprometen a trabajar sin descanso, sin claudicar ni fallarle a sus paisanos.<\/p>\n\n\n\n<p>Anunci\u00f3 que su gobierno, despu\u00e9s de ser electo el 5 de junio, combatir\u00e1 la corrupci\u00f3n, la impunidad y la marginaci\u00f3n, que dejan los gobiernos pri\u00edstas.&nbsp;<\/p>\n\n\n\n<p>\u201cVamos por el rescate del sistema p\u00fablico estatal de salud, por el bienestar y acompa\u00f1amiento al campo, por el reforzamiento de la econom\u00eda y mejores oportunidades de vida como lo deseamos cada uno de nosotros\u201d, se\u00f1al\u00f3.<\/p>\n\n\n\n<p>Abund\u00f3 que la inseguridad no tomar\u00e1 por v\u00edctima a ninguna mujer m\u00e1s, a ning\u00fan ni\u00f1o, ni\u00f1a, ni adolescente. La justicia ser\u00e1 para todas y todos por igual. Nadie ser\u00e1 oaxaque\u00f1o de primera o de segunda.&nbsp;<\/p>\n\n\n\n<p>Este s\u00e1bado, Salom\u00f3n Jara Cruz present\u00f3 sus propuestas en San Felipe Usila, San Felipe Jalapa de D\u00edaz, San Pedro Ixcatl\u00e1n y San Lucas Ojitl\u00e1n, en la Cuenca del Papaloapan.<\/p>\n","protected":false},"excerpt":{"rendered":"<p>Redacci\u00f3n\/Zona Roja. Oaxaca de Ju\u00e1rez, Oax., 8 de mayo de 2022.- En Oaxaca no existe&hellip;<\/p>\n","protected":false},"author":2,"featured_media":40918,"comment_status":"closed","ping_status":"open","sticky":false,"template":"","format":"standard","meta":{"_lmt_disableupdate":"","_lmt_disable":"","_jetpack_memberships_contains_paid_content":false,"footnotes":""},"categories":[109,46],"tags":[2879,939],"class_list":["post-40917","post","type-post","status-publish","format-standard","has-post-thumbnail","hentry","category-minuto-a-minuto","category-zona-blanca","tag-elecciones-oaxaca-2022","tag-salomon-jara-cruz"],"jetpack_featured_media_url":"https:\/\/zonaroja.com.mx\/wp-content\/uploads\/2022\/05\/Salomon-Jara-en-la-Cuenca.jpeg","jetpack_sharing_enabled":true,"_links":{"self":[{"href":"https:\/\/zonaroja.com.mx\/index.php?rest_route=\/wp\/v2\/posts\/40917","targetHints":{"allow":["GET"]}}],"collection":[{"href":"https:\/\/zonaroja.com.mx\/index.php?rest_route=\/wp\/v2\/posts"}],"about":[{"href":"https:\/\/zonaroja.com.mx\/index.php?rest_route=\/wp\/v2\/types\/post"}],"author":[{"embeddable":true,"href":"https:\/\/zonaroja.com.mx\/index.php?rest_route=\/wp\/v2\/users\/2"}],"replies":[{"embeddable":true,"href":"https:\/\/zonaroja.com.mx\/index.php?rest_route=%2Fwp%2Fv2%2Fcomments&post=40917"}],"version-history":[{"count":1,"href":"https:\/\/zonaroja.com.mx\/index.php?rest_route=\/wp\/v2\/posts\/40917\/revisions"}],"predecessor-version":[{"id":40919,"href":"https:\/\/zonaroja.com.mx\/index.php?rest_route=\/wp\/v2\/posts\/40917\/revisions\/40919"}],"wp:featuredmedia":[{"embeddable":true,"href":"https:\/\/zonaroja.com.mx\/index.php?rest_route=\/wp\/v2\/media\/40918"}],"wp:attachment":[{"href":"https:\/\/zonaroja.com.mx\/index.php?rest_route=%2Fwp%2Fv2%2Fmedia&parent=40917"}],"wp:term":[{"taxonomy":"category","embeddable":true,"href":"https:\/\/zonaroja.com.mx\/index.php?rest_route=%2Fwp%2Fv2%2Fcategories&post=40917"},{"taxonomy":"post_tag","embeddable":true,"href":"https:\/\/zonaroja.com.mx\/index.php?rest_route=%2Fwp%2Fv2%2Ftags&post=40917"}],"curies":[{"name":"wp","href":"https:\/\/api.w.org\/{rel}","templated":true}]}}