{"id":40920,"date":"2022-05-08T08:51:00","date_gmt":"2022-05-08T13:51:00","guid":{"rendered":"http:\/\/www.zonaroja.com.mx\/?p=40920"},"modified":"2022-05-08T07:12:58","modified_gmt":"2022-05-08T12:12:58","slug":"alertan-sobre-reactivacion-de-lotificacion-e-invasiones-en-cerro-del-creston","status":"publish","type":"post","link":"https:\/\/zonaroja.com.mx\/?p=40920","title":{"rendered":"Alertan sobre reactivaci\u00f3n de lotificaci\u00f3n e invasiones en cerro del \u201cCrest\u00f3n\u201d"},"content":{"rendered":"\n<p>Yuridiana Sosa\/Zona Roja.<\/p>\n\n\n\n<p>Oaxaca de Ju\u00e1rez, Oax., 8 de mayo de 2022.- Los da\u00f1os en el cerro del \u201cCrest\u00f3n\u201d en la capital del estado, considerado como reserva natural, contin\u00faan por parte de particulares que se asumen como propietarios y ejecutan obras para habilitar una zona habitacional.<\/p>\n\n\n\n<p>La regidora del ayuntamiento de Oaxaca de Ju\u00e1rez, Mirna L\u00f3pez Torres, denunci\u00f3 que vecinos que integran una comisi\u00f3n de protecci\u00f3n levantaron una queja por la reanudaci\u00f3n de la invasi\u00f3n y para lo cual solicitan la intervenci\u00f3n del gobierno municipal.<\/p>\n\n\n\n<p>De acuerdo con los habitantes, los trabajos en esta ocasi\u00f3n se enfocan a la apertura y aplanado de supuestas calles para el nuevo asentamiento, as\u00ed como de desgaje del cerro.<\/p>\n\n\n\n<p>Por estos actos, la regidora se\u00f1al\u00f3 que existe el acta de un Punto de Acuerdo en el que se estableci\u00f3 en el trienio anterior poner un freno a todo tr\u00e1mite para el cambio de uso de suelo como medida para cuidar el \u00e1rea protegida.<\/p>\n\n\n\n<p>Con esto quedaron prohibidas las lotificaciones en la zona para que al t\u00e9rmino de la administraci\u00f3n los supuestos propietarios y vendedores no se escuden en vac\u00edos de autoridad, es decir, se puso un candado, dijo L\u00f3pez Torres.<\/p>\n\n\n\n<p>El acta, puntualiz\u00f3, est\u00e1 vigente, por lo que insistir\u00e1 en que se cumpla y evitar m\u00e1s da\u00f1os en el cerro del \u201cCrest\u00f3n\u201d, los cuales se han reportado desde el a\u00f1o 2020, sin que se efectuaran medidas oportunas para frenar las invasiones.<\/p>\n\n\n\n<p>La defensa de este espacio tambi\u00e9n ha implicado agresiones contra ambientalistas y vecinos defensores de la reserva por parte de los trabajadores de las empresas que planean un desarrollo habitacional.<\/p>\n\n\n\n<p>Al mismo tiempo, en el 2021 solicitaron intervenci\u00f3n de la Defensor\u00eda de los Derechos Humanos del Pueblo Oaxaca como v\u00eda para pedir la colaboraci\u00f3n de la Comisi\u00f3n Nacional de \u00c1reas Naturales Protegidas (Conanp) y atrajera&nbsp;la protecci\u00f3n del Parque Estatal del Cerro del Fort\u00edn.&nbsp;<\/p>\n\n\n\n<p>Lo cual no ha sucedido, pues denunciaron omisiones graves de la Secretar\u00eda del Medio Ambiente, Energ\u00edas y Desarrollo Sustentable (Semaedeso), en ese entonces a cargo de Samuel Gurri\u00f3n Mat\u00edas.<\/p>\n","protected":false},"excerpt":{"rendered":"<p>Yuridiana Sosa\/Zona Roja. Oaxaca de Ju\u00e1rez, Oax., 8 de mayo de 2022.- Los da\u00f1os en&hellip;<\/p>\n","protected":false},"author":2,"featured_media":17998,"comment_status":"closed","ping_status":"open","sticky":false,"template":"","format":"standard","meta":{"_lmt_disableupdate":"","_lmt_disable":"","_jetpack_memberships_contains_paid_content":false,"footnotes":""},"categories":[109,47],"tags":[148],"class_list":["post-40920","post","type-post","status-publish","format-standard","has-post-thumbnail","hentry","category-minuto-a-minuto","category-zona-gris","tag-oaxaca-de-juarez"],"jetpack_featured_media_url":"https:\/\/zonaroja.com.mx\/wp-content\/uploads\/2020\/09\/No-venta-cerro-del-Creston.png","jetpack_sharing_enabled":true,"_links":{"self":[{"href":"https:\/\/zonaroja.com.mx\/index.php?rest_route=\/wp\/v2\/posts\/40920","targetHints":{"allow":["GET"]}}],"collection":[{"href":"https:\/\/zonaroja.com.mx\/index.php?rest_route=\/wp\/v2\/posts"}],"about":[{"href":"https:\/\/zonaroja.com.mx\/index.php?rest_route=\/wp\/v2\/types\/post"}],"author":[{"embeddable":true,"href":"https:\/\/zonaroja.com.mx\/index.php?rest_route=\/wp\/v2\/users\/2"}],"replies":[{"embeddable":true,"href":"https:\/\/zonaroja.com.mx\/index.php?rest_route=%2Fwp%2Fv2%2Fcomments&post=40920"}],"version-history":[{"count":1,"href":"https:\/\/zonaroja.com.mx\/index.php?rest_route=\/wp\/v2\/posts\/40920\/revisions"}],"predecessor-version":[{"id":40921,"href":"https:\/\/zonaroja.com.mx\/index.php?rest_route=\/wp\/v2\/posts\/40920\/revisions\/40921"}],"wp:featuredmedia":[{"embeddable":true,"href":"https:\/\/zonaroja.com.mx\/index.php?rest_route=\/wp\/v2\/media\/17998"}],"wp:attachment":[{"href":"https:\/\/zonaroja.com.mx\/index.php?rest_route=%2Fwp%2Fv2%2Fmedia&parent=40920"}],"wp:term":[{"taxonomy":"category","embeddable":true,"href":"https:\/\/zonaroja.com.mx\/index.php?rest_route=%2Fwp%2Fv2%2Fcategories&post=40920"},{"taxonomy":"post_tag","embeddable":true,"href":"https:\/\/zonaroja.com.mx\/index.php?rest_route=%2Fwp%2Fv2%2Ftags&post=40920"}],"curies":[{"name":"wp","href":"https:\/\/api.w.org\/{rel}","templated":true}]}}