{"id":40922,"date":"2022-05-08T08:02:35","date_gmt":"2022-05-08T13:02:35","guid":{"rendered":"http:\/\/www.zonaroja.com.mx\/?p=40922"},"modified":"2022-05-08T08:02:37","modified_gmt":"2022-05-08T13:02:37","slug":"mantienen-en-santa-lucia-del-camino-permanente-dialogo-con-vecinos","status":"publish","type":"post","link":"https:\/\/zonaroja.com.mx\/?p=40922","title":{"rendered":"Mantienen en Santa Luc\u00eda del Camino permanente di\u00e1logo con vecinos"},"content":{"rendered":"\n<p>Redacci\u00f3n\/Zona Roja.<\/p>\n\n\n\n<p>Oaxaca de Ju\u00e1rez, Oax., a 8 de mayo de 2022.- El ayuntamiento de Santa Luc\u00eda del Camino, que encabeza Juan Carlos Garc\u00eda M\u00e1rquez, regresa a las colonias a invitaci\u00f3n de vecinas y vecinos, quienes a trav\u00e9s de sus comit\u00e9s lo convocan para platicar y en un ejercicio democr\u00e1tico, el edil presenta a sus directores del municipio para dar soluci\u00f3n a sus inquietudes.<\/p>\n\n\n\n<p>Estas reuniones iniciaron desde el mes de enero, cuando vecinas y vecinos invitaban al edil a caminar por sus calles y conocer sus problem\u00e1ticas. Por ello ha visitado las colonias G\u00f3mez Sandoval, Aquiles Serd\u00e1n y Jos\u00e9 L\u00f3pez Portillo en un inicio, donde con un di\u00e1logo directo se atendieron peticiones principalmente en seguridad.<\/p>\n\n\n\n<p>Posteriormente, en una manera m\u00e1s formal, Juan Carlos Garc\u00eda M\u00e1rquez acudi\u00f3 con sus directores, secretaria Municipal y s\u00edndico Hacendario y algunos regidores del ayuntamiento, a mesas de trabajo en colonias como: 25 de Enero, Antiguo Aeropuerto, \u00c1lamos, Ampliaci\u00f3n Santa Luc\u00eda, Flores Sur y por \u00faltimo en La Roma, donde las y los vecinos conocieron los servicios que pueden solicitar.<\/p>\n\n\n\n<p>Las direcciones que acuden son: Conserjer\u00eda Municipal; quienes son encargados de bacheo, pintas de aceras, dezazolve y cambios de luminarias. La de Agua Potable; Obras P\u00fablicas; el de Agencias y Colonias; Unidad B\u00e1sica y Rehabilitaci\u00f3n, Desarrollo Urbano; as\u00ed como Polic\u00eda Municipal y Vial; quienes son las dependencias que m\u00e1s solicitan atenci\u00f3n.<\/p>\n\n\n\n<p>Uno de estos casos fue el de la se\u00f1ora Sandra, de la colonia \u00c1lamos, quien agradeci\u00f3 al presidente municipal el acercamiento de estas reuniones ya que es la primera vez que un edil dialoga con los vecinos.&nbsp;<\/p>\n\n\n\n<p>En su caso, agradeci\u00f3 que hayan arreglado el sistema de agua de la colonia, ya que llevaba m\u00e1s de dos a\u00f1os sin agua y por ello tuvo que comprar pipas de agua y que desde el mes de enero no ha comprado; \u201cme he ahorrado ese dinero, ayud\u00e1ndome a mi econom\u00eda familiar\u201d; apunt\u00f3.<\/p>\n\n\n\n<p>El presidente municipal Juan Carlos Garc\u00eda M\u00e1rquez inform\u00f3 que estos di\u00e1logos vecinales se realizan bajo invitaci\u00f3n de los Comit\u00e9s de Colonias y que ayuda a dar una respuesta pronta a sus inquietudes y necesidades; \u201ccon ello se evita el burocratismo; conocen a nuestros responsables de \u00e1rea y se tiene un contacto directo; que es lo que nos hace buenos vecinos\u201d; apunt\u00f3.<\/p>\n\n\n\n<p>Finalmente, el edil se\u00f1al\u00f3 que estas reuniones seguir\u00e1n y que es un buen ejercicio para un buen gobierno; pues el di\u00e1logo es el instrumento por excelencia para resolver dudas y trabajar por el camino correcto por el bienestar de las y los vecinos de Santa Luc\u00eda del Camino.<\/p>\n","protected":false},"excerpt":{"rendered":"<p>Redacci\u00f3n\/Zona Roja. Oaxaca de Ju\u00e1rez, Oax., a 8 de mayo de 2022.- El ayuntamiento de&hellip;<\/p>\n","protected":false},"author":2,"featured_media":40923,"comment_status":"closed","ping_status":"open","sticky":false,"template":"","format":"standard","meta":{"_lmt_disableupdate":"","_lmt_disable":"","_jetpack_memberships_contains_paid_content":false,"footnotes":""},"categories":[109,46],"tags":[337],"class_list":["post-40922","post","type-post","status-publish","format-standard","has-post-thumbnail","hentry","category-minuto-a-minuto","category-zona-blanca","tag-santa-lucia-del-camino"],"jetpack_featured_media_url":"https:\/\/zonaroja.com.mx\/wp-content\/uploads\/2022\/05\/Reuniones-edil-Santa-Lucia-del-Camino.jpg","jetpack_sharing_enabled":true,"_links":{"self":[{"href":"https:\/\/zonaroja.com.mx\/index.php?rest_route=\/wp\/v2\/posts\/40922","targetHints":{"allow":["GET"]}}],"collection":[{"href":"https:\/\/zonaroja.com.mx\/index.php?rest_route=\/wp\/v2\/posts"}],"about":[{"href":"https:\/\/zonaroja.com.mx\/index.php?rest_route=\/wp\/v2\/types\/post"}],"author":[{"embeddable":true,"href":"https:\/\/zonaroja.com.mx\/index.php?rest_route=\/wp\/v2\/users\/2"}],"replies":[{"embeddable":true,"href":"https:\/\/zonaroja.com.mx\/index.php?rest_route=%2Fwp%2Fv2%2Fcomments&post=40922"}],"version-history":[{"count":1,"href":"https:\/\/zonaroja.com.mx\/index.php?rest_route=\/wp\/v2\/posts\/40922\/revisions"}],"predecessor-version":[{"id":40924,"href":"https:\/\/zonaroja.com.mx\/index.php?rest_route=\/wp\/v2\/posts\/40922\/revisions\/40924"}],"wp:featuredmedia":[{"embeddable":true,"href":"https:\/\/zonaroja.com.mx\/index.php?rest_route=\/wp\/v2\/media\/40923"}],"wp:attachment":[{"href":"https:\/\/zonaroja.com.mx\/index.php?rest_route=%2Fwp%2Fv2%2Fmedia&parent=40922"}],"wp:term":[{"taxonomy":"category","embeddable":true,"href":"https:\/\/zonaroja.com.mx\/index.php?rest_route=%2Fwp%2Fv2%2Fcategories&post=40922"},{"taxonomy":"post_tag","embeddable":true,"href":"https:\/\/zonaroja.com.mx\/index.php?rest_route=%2Fwp%2Fv2%2Ftags&post=40922"}],"curies":[{"name":"wp","href":"https:\/\/api.w.org\/{rel}","templated":true}]}}