{"id":40928,"date":"2022-05-08T17:24:31","date_gmt":"2022-05-08T22:24:31","guid":{"rendered":"https:\/\/www.zonaroja.com.mx\/?p=40928"},"modified":"2022-05-08T17:24:33","modified_gmt":"2022-05-08T22:24:33","slug":"detienen-en-oaxaca-a-venezolano-por-delitos-de-suplantacion-de-identidad-y-extorsion","status":"publish","type":"post","link":"https:\/\/zonaroja.com.mx\/?p=40928","title":{"rendered":"Detienen en Oaxaca a venezolano por delitos de suplantaci\u00f3n de identidad y extorsi\u00f3n"},"content":{"rendered":"\n<p>Redacci\u00f3n\/Zona Roja.&nbsp;<\/p>\n\n\n\n<p>Oaxaca de Ju\u00e1rez, Oax., 8 de mayo de 2022.-&nbsp;La Fiscal\u00eda General del Estado de Oaxaca (FGEO) dio cumplimiento a la orden de aprehensi\u00f3n correspondiente contra la persona del sexo masculino identificada como J. J. M. O.<\/p>\n\n\n\n<p>Ello como probable responsable de los delitos de suplantaci\u00f3n de identidad en perjuicio patrimonial de J. A. S. G. y de extorsi\u00f3n en agravio de R. A. A. R., E. A. R. R. y J. T. D.&nbsp; Z. (mujer), respectivamente, cometido en la regi\u00f3n del Istmo de Tehuantepec.&nbsp;<\/p>\n\n\n\n<p>De acuerdo con la Carpeta de Investigaci\u00f3n 9185\/FIST\/IXTEPEC\/2022, entre los d\u00edas&nbsp;28 de febrero&nbsp;y 1 de marzo de 2022, el imputado (de nacionalidad venezolana), abusando de la confianza de la v\u00edctima J. A. S. G. se hizo pasar por ella y a trav\u00e9s de un tel\u00e9fono celular de su propiedad realiz\u00f3 llamadas extorsivas a las dem\u00e1s v\u00edctimas, exigi\u00e9ndoles diferentes sumas de dinero.&nbsp;<\/p>\n\n\n\n<p>Ante este hecho y tras la denuncia presentada, la Instituci\u00f3n de procuraci\u00f3n de justicia atrajo el caso e inici\u00f3 la investigaci\u00f3n correspondiente -a trav\u00e9s de la Vicefiscal\u00eda Regional del Istmo-, logrando identificar, aprehender y presentar al probable responsable ante la autoridad judicial que lo requiri\u00f3.<\/p>\n\n\n\n<p>En audiencia, el imputado solicit\u00f3 ampliaci\u00f3n del t\u00e9rmino constitucional, mismo que fenece el pr\u00f3ximo&nbsp;11 de mayo&nbsp;del a\u00f1o en curso, quedando en prisi\u00f3n preventiva de manera provisional.<\/p>\n\n\n\n<p>La Fiscal\u00eda General refrenda su compromiso de presentar ante la justicia y aplicar la Ley sin distingo a quien o quienes resulten responsables de hechos deshonestos, garantizando justicia a las v\u00edctimas.<\/p>\n\n\n\n<p>(Comunicado) <\/p>\n","protected":false},"excerpt":{"rendered":"<p>Redacci\u00f3n\/Zona Roja.&nbsp; Oaxaca de Ju\u00e1rez, Oax., 8 de mayo de 2022.-&nbsp;La Fiscal\u00eda General del Estado&hellip;<\/p>\n","protected":false},"author":2,"featured_media":33768,"comment_status":"closed","ping_status":"open","sticky":false,"template":"","format":"standard","meta":{"_lmt_disableupdate":"","_lmt_disable":"","_jetpack_memberships_contains_paid_content":false,"footnotes":""},"categories":[109,46],"tags":[],"class_list":["post-40928","post","type-post","status-publish","format-standard","has-post-thumbnail","hentry","category-minuto-a-minuto","category-zona-blanca"],"jetpack_featured_media_url":"https:\/\/zonaroja.com.mx\/wp-content\/uploads\/2021\/10\/Extorsion-secuestro-delito.jpg","jetpack_sharing_enabled":true,"_links":{"self":[{"href":"https:\/\/zonaroja.com.mx\/index.php?rest_route=\/wp\/v2\/posts\/40928","targetHints":{"allow":["GET"]}}],"collection":[{"href":"https:\/\/zonaroja.com.mx\/index.php?rest_route=\/wp\/v2\/posts"}],"about":[{"href":"https:\/\/zonaroja.com.mx\/index.php?rest_route=\/wp\/v2\/types\/post"}],"author":[{"embeddable":true,"href":"https:\/\/zonaroja.com.mx\/index.php?rest_route=\/wp\/v2\/users\/2"}],"replies":[{"embeddable":true,"href":"https:\/\/zonaroja.com.mx\/index.php?rest_route=%2Fwp%2Fv2%2Fcomments&post=40928"}],"version-history":[{"count":1,"href":"https:\/\/zonaroja.com.mx\/index.php?rest_route=\/wp\/v2\/posts\/40928\/revisions"}],"predecessor-version":[{"id":40929,"href":"https:\/\/zonaroja.com.mx\/index.php?rest_route=\/wp\/v2\/posts\/40928\/revisions\/40929"}],"wp:featuredmedia":[{"embeddable":true,"href":"https:\/\/zonaroja.com.mx\/index.php?rest_route=\/wp\/v2\/media\/33768"}],"wp:attachment":[{"href":"https:\/\/zonaroja.com.mx\/index.php?rest_route=%2Fwp%2Fv2%2Fmedia&parent=40928"}],"wp:term":[{"taxonomy":"category","embeddable":true,"href":"https:\/\/zonaroja.com.mx\/index.php?rest_route=%2Fwp%2Fv2%2Fcategories&post=40928"},{"taxonomy":"post_tag","embeddable":true,"href":"https:\/\/zonaroja.com.mx\/index.php?rest_route=%2Fwp%2Fv2%2Ftags&post=40928"}],"curies":[{"name":"wp","href":"https:\/\/api.w.org\/{rel}","templated":true}]}}