{"id":40930,"date":"2022-05-08T18:24:32","date_gmt":"2022-05-08T23:24:32","guid":{"rendered":"http:\/\/www.zonaroja.com.mx\/?p=40930"},"modified":"2022-05-08T18:24:36","modified_gmt":"2022-05-08T23:24:36","slug":"ejecutan-a-balazos-a-individuo-en-matias-romero-oaxaca","status":"publish","type":"post","link":"https:\/\/zonaroja.com.mx\/?p=40930","title":{"rendered":"Ejecutan a balazos a individuo en Mat\u00edas Romero, Oaxaca"},"content":{"rendered":"\n<p>Redacci\u00f3n\/Zona Roja.<\/p>\n\n\n\n<p>Oaxaca de Ju\u00e1rez, Oax., 8 de mayo de 2022.- Una persona del sexo masculino fue ejecutada a balazos esta tarde en Mat\u00edas Romero Avenda\u00f1o, municipio de la regi\u00f3n Istmo de Oaxaca.<\/p>\n\n\n\n<p>Fue en la esquina de la calle de Guerrero y Reforma Sur,&nbsp; en pleno centro de dicha ciudad ferrocarriles, en que sujetos armados dispararon en contra del individuo, identificado de manera preliminar como Eduardo Cruz, de oficio carnicero.<\/p>\n\n\n\n<p>Pese a que fue a plena luz del d\u00eda y en c\u00e9ntricas calles, no hubo personas detenidas ni hay descripci\u00f3n detallada del o los agresores armados; tampoco hab\u00eda polic\u00edas municipales en la zona.<\/p>\n\n\n\n<p>El cuerpo qued\u00f3 tirado en la banqueta, en la entrada a la farmacia \u201cLa Econ\u00f3mica\u201d y enfrente de una terminal de autobuses.&nbsp;<\/p>\n\n\n\n<p>Hasta el momento no hay reportes de personas detenidas y la Vicefiscal\u00eda Regional del Istmo inici\u00f3 la Carpeta de Investigaci\u00f3n correspondiente, por el delito de homicidio.<\/p>\n","protected":false},"excerpt":{"rendered":"<p>Redacci\u00f3n\/Zona Roja. Oaxaca de Ju\u00e1rez, Oax., 8 de mayo de 2022.- Una persona del sexo&hellip;<\/p>\n","protected":false},"author":2,"featured_media":40931,"comment_status":"closed","ping_status":"open","sticky":false,"template":"","format":"standard","meta":{"_lmt_disableupdate":"","_lmt_disable":"","_jetpack_memberships_contains_paid_content":false,"footnotes":""},"categories":[109,51],"tags":[228],"class_list":["post-40930","post","type-post","status-publish","format-standard","has-post-thumbnail","hentry","category-minuto-a-minuto","category-zona-roja","tag-matias-romero-avendano"],"jetpack_featured_media_url":"https:\/\/zonaroja.com.mx\/wp-content\/uploads\/2022\/05\/Ejecutado-Matias-Romero.jpg","jetpack_sharing_enabled":true,"_links":{"self":[{"href":"https:\/\/zonaroja.com.mx\/index.php?rest_route=\/wp\/v2\/posts\/40930","targetHints":{"allow":["GET"]}}],"collection":[{"href":"https:\/\/zonaroja.com.mx\/index.php?rest_route=\/wp\/v2\/posts"}],"about":[{"href":"https:\/\/zonaroja.com.mx\/index.php?rest_route=\/wp\/v2\/types\/post"}],"author":[{"embeddable":true,"href":"https:\/\/zonaroja.com.mx\/index.php?rest_route=\/wp\/v2\/users\/2"}],"replies":[{"embeddable":true,"href":"https:\/\/zonaroja.com.mx\/index.php?rest_route=%2Fwp%2Fv2%2Fcomments&post=40930"}],"version-history":[{"count":1,"href":"https:\/\/zonaroja.com.mx\/index.php?rest_route=\/wp\/v2\/posts\/40930\/revisions"}],"predecessor-version":[{"id":40932,"href":"https:\/\/zonaroja.com.mx\/index.php?rest_route=\/wp\/v2\/posts\/40930\/revisions\/40932"}],"wp:featuredmedia":[{"embeddable":true,"href":"https:\/\/zonaroja.com.mx\/index.php?rest_route=\/wp\/v2\/media\/40931"}],"wp:attachment":[{"href":"https:\/\/zonaroja.com.mx\/index.php?rest_route=%2Fwp%2Fv2%2Fmedia&parent=40930"}],"wp:term":[{"taxonomy":"category","embeddable":true,"href":"https:\/\/zonaroja.com.mx\/index.php?rest_route=%2Fwp%2Fv2%2Fcategories&post=40930"},{"taxonomy":"post_tag","embeddable":true,"href":"https:\/\/zonaroja.com.mx\/index.php?rest_route=%2Fwp%2Fv2%2Ftags&post=40930"}],"curies":[{"name":"wp","href":"https:\/\/api.w.org\/{rel}","templated":true}]}}