{"id":40933,"date":"2022-05-08T20:22:58","date_gmt":"2022-05-09T01:22:58","guid":{"rendered":"http:\/\/www.zonaroja.com.mx\/?p=40933"},"modified":"2022-05-08T20:23:00","modified_gmt":"2022-05-09T01:23:00","slug":"hasta-62-mil-centroamericanos-recibiran-becas-de-la-4t-mexico","status":"publish","type":"post","link":"https:\/\/zonaroja.com.mx\/?p=40933","title":{"rendered":"Hasta 62 mil centroamericanos recibir\u00e1n becas de la 4T M\u00e9xico"},"content":{"rendered":"\n<p>Redacci\u00f3n\/Zona Roja Cdmx.<\/p>\n\n\n\n<p>Ciudad de M\u00e9xico, 7 de mayo de 2022.- Los programas emblema que instrumenta el gobierno del Presidente Andr\u00e9s Manuel L\u00f3pez Obrador&nbsp;en M\u00e9xico, como&nbsp; Sembrando Vida y J\u00f3venes Construyendo el Futuro,&nbsp;se expanden a cuatro pa\u00edses de Centroam\u00e9rica con 62 mil beneficiarios directos.<\/p>\n\n\n\n<p>La implementaci\u00f3n en la regi\u00f3n de los programas emblem\u00e1ticos de la autollamada 4T es la apuesta central de L\u00f3pez Obrador para ayudar a frenar la alta migraci\u00f3n irregular a Norteam\u00e9rica de esos pa\u00edses, principalmente de El Salvador, Honduras y Guatemala.<\/p>\n\n\n\n<p>Ayer, de visita en Belice, el cuarto de cinco pa\u00edses en su gira, el mandatario mexicano anunci\u00f3 en un mensaje conjunto con el primer ministro de la naci\u00f3n, Johnny Brice\u00f1o, la pr\u00f3xima puesta en marcha del programa Sembrando Vida con dos mil agricultores belice\u00f1os, cifra que ir\u00e1 en aumento.<\/p>\n\n\n\n<p>El acuerdo se formaliz\u00f3 en la \u00abCarta de Intenci\u00f3n en materia de cooperaci\u00f3n bilateral\u00bb para el programa que, minutos antes , firmaron el canciller mexicano Marcelo Ebrard y su par belice\u00f1o Eamon Courtenay, en el Laing Building, de Ciudad Belice.<\/p>\n\n\n\n<p>\u00abSe va a apoyar en una primera etapa a dos mil productores de Belice, que van a recibir un jornal para trabajar en sus propias parcelas, sembrando \u00e1rboles frutales, \u00e1rboles maderables\u00bb, destac\u00f3 L\u00f3pez Obrador.<\/p>\n\n\n\n<p>Un d\u00eda antes, el viernes en El Salvador, L\u00f3pez Obrador anunci\u00f3 junto a su par Nayib Bukele, que duplicar\u00e1n el n\u00famero de beneficiarios de dicho programa, de 10 mil a 20 mil, igual que en J\u00f3venes Construyendo el Futuro, para sumar en total 40 mil inscritos. La inversi\u00f3n saldr\u00e1 a partes iguales de ambos gobiernos.<\/p>\n\n\n\n<p>En Honduras, pa\u00eds que visit\u00f3 horas despu\u00e9s de El Salvador, AMLO tambi\u00e9n presumi\u00f3 que 10 mil productores hondure\u00f1os, de 10 de los 18 departamentos que conforman el pa\u00eds, ya reciben apoyos; mientras, 10 mil j\u00f3venes de 16 departamentos tambi\u00e9n est\u00e1n inscritos.<\/p>\n\n\n\n<p>Por otra parte, el pasado jueves, en Guatemala -el primer pa\u00eds de la gira- se dio a conocer el acuerdo con el gobierno de Alejandro Giammattei de iniciar el programa Sembrando Vida en esa naci\u00f3n.<\/p>\n\n\n\n<p>Al momento, ninguno de los dos gobiernos ha hecho p\u00fablico cu\u00e1ntos se beneficiar\u00e1n del programa, pero ya comenz\u00f3 el registro de los aspirantes a ser beneficiarios.<\/p>\n\n\n\n<p>M\u00e9xico y las otras naciones esperan que Estados Unidos invierta ya cuatro mil millones de d\u00f3lares que comprometi\u00f3 el gobierno de Joe Biden para el desarrollo de la regi\u00f3n.<\/p>\n\n\n\n<p>(Informaci\u00f3n de \u201cEl Heraldo de M\u00e9xico\u201d)<\/p>\n","protected":false},"excerpt":{"rendered":"<p>Redacci\u00f3n\/Zona Roja Cdmx. Ciudad de M\u00e9xico, 7 de mayo de 2022.- Los programas emblema que&hellip;<\/p>\n","protected":false},"author":2,"featured_media":40934,"comment_status":"closed","ping_status":"open","sticky":false,"template":"","format":"standard","meta":{"_lmt_disableupdate":"","_lmt_disable":"","_jetpack_memberships_contains_paid_content":false,"footnotes":""},"categories":[109,46],"tags":[143],"class_list":["post-40933","post","type-post","status-publish","format-standard","has-post-thumbnail","hentry","category-minuto-a-minuto","category-zona-blanca","tag-andres-manuel-lopez-obrador"],"jetpack_featured_media_url":"https:\/\/zonaroja.com.mx\/wp-content\/uploads\/2022\/05\/Andres-Manuel-Lopez-Obrador-y-Bukele.jpeg","jetpack_sharing_enabled":true,"_links":{"self":[{"href":"https:\/\/zonaroja.com.mx\/index.php?rest_route=\/wp\/v2\/posts\/40933","targetHints":{"allow":["GET"]}}],"collection":[{"href":"https:\/\/zonaroja.com.mx\/index.php?rest_route=\/wp\/v2\/posts"}],"about":[{"href":"https:\/\/zonaroja.com.mx\/index.php?rest_route=\/wp\/v2\/types\/post"}],"author":[{"embeddable":true,"href":"https:\/\/zonaroja.com.mx\/index.php?rest_route=\/wp\/v2\/users\/2"}],"replies":[{"embeddable":true,"href":"https:\/\/zonaroja.com.mx\/index.php?rest_route=%2Fwp%2Fv2%2Fcomments&post=40933"}],"version-history":[{"count":1,"href":"https:\/\/zonaroja.com.mx\/index.php?rest_route=\/wp\/v2\/posts\/40933\/revisions"}],"predecessor-version":[{"id":40935,"href":"https:\/\/zonaroja.com.mx\/index.php?rest_route=\/wp\/v2\/posts\/40933\/revisions\/40935"}],"wp:featuredmedia":[{"embeddable":true,"href":"https:\/\/zonaroja.com.mx\/index.php?rest_route=\/wp\/v2\/media\/40934"}],"wp:attachment":[{"href":"https:\/\/zonaroja.com.mx\/index.php?rest_route=%2Fwp%2Fv2%2Fmedia&parent=40933"}],"wp:term":[{"taxonomy":"category","embeddable":true,"href":"https:\/\/zonaroja.com.mx\/index.php?rest_route=%2Fwp%2Fv2%2Fcategories&post=40933"},{"taxonomy":"post_tag","embeddable":true,"href":"https:\/\/zonaroja.com.mx\/index.php?rest_route=%2Fwp%2Fv2%2Ftags&post=40933"}],"curies":[{"name":"wp","href":"https:\/\/api.w.org\/{rel}","templated":true}]}}