{"id":40936,"date":"2022-05-08T21:29:32","date_gmt":"2022-05-09T02:29:32","guid":{"rendered":"http:\/\/www.zonaroja.com.mx\/?p=40936"},"modified":"2022-05-08T21:29:34","modified_gmt":"2022-05-09T02:29:34","slug":"ponen-fin-los-sso-a-informes-diarios-de-situacion-del-covid-sera-semanal","status":"publish","type":"post","link":"https:\/\/zonaroja.com.mx\/?p=40936","title":{"rendered":"Ponen fin los SSO a informes diarios de situaci\u00f3n del Covid; ser\u00e1 semanal"},"content":{"rendered":"\n<p>Redacci\u00f3n\/Zona Roja.<\/p>\n\n\n\n<p>Oaxaca de Ju\u00e1rez, Oax., 8 de mayo de 2022.- La Secretaria de Salud de Oaxaca, inform\u00f3 que despu\u00e9s de 50 meses de dar a conocer el Informe T\u00e9cnico del avance de la pandemia, a partir de este lunes 9 de mayo, el bolet\u00edn informativo se emitir\u00e1 una vez a la semana, subsecuentemente todos los d\u00edas domingo a las 19:00 horas, a trav\u00e9s de la se\u00f1al 9.1 de la Corporaci\u00f3n Oaxaque\u00f1a de Radio y Televisi\u00f3n (Cortv).<\/p>\n\n\n\n<p>As\u00ed como de las 16 estaciones repetidoras de televisi\u00f3n, la estaci\u00f3n \u201cOaxaque\u00f1a Radio\u201d y \u201cGlobal\u00bb, por medio de las redes sociales de Facebook, Twitter y Youtube oficiales.<\/p>\n\n\n\n<p>Mencion\u00f3 que, esto se debe a que la pandemia en la entidad se ha mantenido estable a la baja, tanto las cifras de casos nuevos, defunciones y hospitalizaciones.<\/p>\n\n\n\n<p>El logro es, \u201cgracias al apoyo y solidaridad de todas familias en la aplicaci\u00f3n de protocolos sanitarios; as\u00ed como la intensa jornada de vacunaci\u00f3n que se ha establecido a lo largo y ancho del territorio oaxaque\u00f1o\u201d enfatiz\u00f3.<\/p>\n\n\n\n<p>Dijo que, durante el per\u00edodo comprendido del 1 al 07 de mayo la entidad registr\u00f3 un acumulado de 120 mil 077 casos confirmados del virus SARS-CoV-2, de los cuales 142 se contabilizaron en esta \u00faltima semana.<\/p>\n\n\n\n<p>Adem\u00e1s, se notificaron tres desafortunados decesos a causa de esta patolog\u00eda respiratoria.<\/p>\n\n\n\n<p>Por ello, a las familias oaxaque\u00f1as, les reitero la importancia que, a partir de los 12 a\u00f1os de edad, la poblaci\u00f3n debe vacunarse contra el SARS-CoV-2 y aplicarse las dosis de refuerzo en los puntos activos de inmunizaci\u00f3n del Sector Salud, ya que este coronavirus se mantiene a\u00fan activo en la entidad; sin embargo, las vacunas son efectivas y seguras para poder retornar a una Nueva Normalidad con Plenitud.<\/p>\n\n\n\n<p>Refiri\u00f3 que adem\u00e1s de ello, es necesario continuar con las medidas de protecci\u00f3n para tener una Guelaguetza 2022 segura, como: usar cubrebocas, lavarse frecuentemente las manos y ventilar los espacios, esto nos permitir\u00e1 que la incidencia de casos disminuya a\u00fan m\u00e1s, pues el cuidado de \u201cnuestra salud, es responsabilidad de todas y todos\u201d.<\/p>\n","protected":false},"excerpt":{"rendered":"<p>Redacci\u00f3n\/Zona Roja. Oaxaca de Ju\u00e1rez, Oax., 8 de mayo de 2022.- La Secretaria de Salud&hellip;<\/p>\n","protected":false},"author":2,"featured_media":40937,"comment_status":"closed","ping_status":"open","sticky":false,"template":"","format":"standard","meta":{"_lmt_disableupdate":"","_lmt_disable":"","_jetpack_memberships_contains_paid_content":false,"footnotes":""},"categories":[109,47],"tags":[1512],"class_list":["post-40936","post","type-post","status-publish","format-standard","has-post-thumbnail","hentry","category-minuto-a-minuto","category-zona-gris","tag-coronavirus-oaxaca"],"jetpack_featured_media_url":"https:\/\/zonaroja.com.mx\/wp-content\/uploads\/2022\/05\/Vacunacion-Covid-Oaxaca.jpg","jetpack_sharing_enabled":true,"_links":{"self":[{"href":"https:\/\/zonaroja.com.mx\/index.php?rest_route=\/wp\/v2\/posts\/40936","targetHints":{"allow":["GET"]}}],"collection":[{"href":"https:\/\/zonaroja.com.mx\/index.php?rest_route=\/wp\/v2\/posts"}],"about":[{"href":"https:\/\/zonaroja.com.mx\/index.php?rest_route=\/wp\/v2\/types\/post"}],"author":[{"embeddable":true,"href":"https:\/\/zonaroja.com.mx\/index.php?rest_route=\/wp\/v2\/users\/2"}],"replies":[{"embeddable":true,"href":"https:\/\/zonaroja.com.mx\/index.php?rest_route=%2Fwp%2Fv2%2Fcomments&post=40936"}],"version-history":[{"count":1,"href":"https:\/\/zonaroja.com.mx\/index.php?rest_route=\/wp\/v2\/posts\/40936\/revisions"}],"predecessor-version":[{"id":40938,"href":"https:\/\/zonaroja.com.mx\/index.php?rest_route=\/wp\/v2\/posts\/40936\/revisions\/40938"}],"wp:featuredmedia":[{"embeddable":true,"href":"https:\/\/zonaroja.com.mx\/index.php?rest_route=\/wp\/v2\/media\/40937"}],"wp:attachment":[{"href":"https:\/\/zonaroja.com.mx\/index.php?rest_route=%2Fwp%2Fv2%2Fmedia&parent=40936"}],"wp:term":[{"taxonomy":"category","embeddable":true,"href":"https:\/\/zonaroja.com.mx\/index.php?rest_route=%2Fwp%2Fv2%2Fcategories&post=40936"},{"taxonomy":"post_tag","embeddable":true,"href":"https:\/\/zonaroja.com.mx\/index.php?rest_route=%2Fwp%2Fv2%2Ftags&post=40936"}],"curies":[{"name":"wp","href":"https:\/\/api.w.org\/{rel}","templated":true}]}}