{"id":40939,"date":"2022-05-08T22:09:17","date_gmt":"2022-05-09T03:09:17","guid":{"rendered":"http:\/\/www.zonaroja.com.mx\/?p=40939"},"modified":"2022-05-08T22:09:18","modified_gmt":"2022-05-09T03:09:18","slug":"se-ahogan-y-pierden-la-vida-dos-adultos-y-dos-menores-en-presa-de-oaxaca","status":"publish","type":"post","link":"https:\/\/zonaroja.com.mx\/?p=40939","title":{"rendered":"Se ahogan y pierden la vida dos adultos y dos menores en presa de Oaxaca"},"content":{"rendered":"\n<p>Redacci\u00f3n\/Zona Roja.<\/p>\n\n\n\n<p>Oaxaca de Ju\u00e1rez, Oax., 8 de mayo de 2022.- Cuatro personas, dos de ellas menores de edad, murieron ahogadas este domingo en la presa de Jalapa del Marqu\u00e9s, municipio de la regi\u00f3n del Istmo de Oaxaca.<\/p>\n\n\n\n<p>De acuerdo con datos de la Coordinaci\u00f3n Estatal de Protecci\u00f3n Civil, integrantes de una familia acudieron a disfrutar de las aguas del embalse, sin embargo al ingresar a nadar, no pudieron salir a flote.<\/p>\n\n\n\n<p>Corporaciones policiacas y de auxilio, as\u00ed como pescadores,  as\u00ed como buzos de la Marina laboraron durante toda la tarde para localizar y rescatar los cuerpos.<\/p>\n\n\n\n<p>De manera preliminar se inform\u00f3 que las v\u00edctimas fueron Jos\u00e9 Adri\u00e1n V\u00e1squez, de 21 a\u00f1os de edad; Jos\u00e9 Carmona Santos, de 33 a\u00f1os; Francisco C., de 10 a\u00f1os, e Isel M. C., de seis a\u00f1os, todos integrantes de la misma familia.<\/p>\n","protected":false},"excerpt":{"rendered":"<p>Redacci\u00f3n\/Zona Roja. Oaxaca de Ju\u00e1rez, Oax., 8 de mayo de 2022.- Cuatro personas, dos de&hellip;<\/p>\n","protected":false},"author":2,"featured_media":40940,"comment_status":"closed","ping_status":"open","sticky":false,"template":"","format":"standard","meta":{"_lmt_disableupdate":"","_lmt_disable":"","_jetpack_memberships_contains_paid_content":false,"footnotes":""},"categories":[109,51],"tags":[1677],"class_list":["post-40939","post","type-post","status-publish","format-standard","has-post-thumbnail","hentry","category-minuto-a-minuto","category-zona-roja","tag-jalapa-del-marques"],"jetpack_featured_media_url":"https:\/\/zonaroja.com.mx\/wp-content\/uploads\/2022\/05\/Ahogados-presa-Jalapa-del-Marques.jpg","jetpack_sharing_enabled":true,"_links":{"self":[{"href":"https:\/\/zonaroja.com.mx\/index.php?rest_route=\/wp\/v2\/posts\/40939","targetHints":{"allow":["GET"]}}],"collection":[{"href":"https:\/\/zonaroja.com.mx\/index.php?rest_route=\/wp\/v2\/posts"}],"about":[{"href":"https:\/\/zonaroja.com.mx\/index.php?rest_route=\/wp\/v2\/types\/post"}],"author":[{"embeddable":true,"href":"https:\/\/zonaroja.com.mx\/index.php?rest_route=\/wp\/v2\/users\/2"}],"replies":[{"embeddable":true,"href":"https:\/\/zonaroja.com.mx\/index.php?rest_route=%2Fwp%2Fv2%2Fcomments&post=40939"}],"version-history":[{"count":1,"href":"https:\/\/zonaroja.com.mx\/index.php?rest_route=\/wp\/v2\/posts\/40939\/revisions"}],"predecessor-version":[{"id":40941,"href":"https:\/\/zonaroja.com.mx\/index.php?rest_route=\/wp\/v2\/posts\/40939\/revisions\/40941"}],"wp:featuredmedia":[{"embeddable":true,"href":"https:\/\/zonaroja.com.mx\/index.php?rest_route=\/wp\/v2\/media\/40940"}],"wp:attachment":[{"href":"https:\/\/zonaroja.com.mx\/index.php?rest_route=%2Fwp%2Fv2%2Fmedia&parent=40939"}],"wp:term":[{"taxonomy":"category","embeddable":true,"href":"https:\/\/zonaroja.com.mx\/index.php?rest_route=%2Fwp%2Fv2%2Fcategories&post=40939"},{"taxonomy":"post_tag","embeddable":true,"href":"https:\/\/zonaroja.com.mx\/index.php?rest_route=%2Fwp%2Fv2%2Ftags&post=40939"}],"curies":[{"name":"wp","href":"https:\/\/api.w.org\/{rel}","templated":true}]}}