{"id":40946,"date":"2022-05-09T09:30:00","date_gmt":"2022-05-09T14:30:00","guid":{"rendered":"http:\/\/www.zonaroja.com.mx\/?p=40946"},"modified":"2022-05-09T07:34:58","modified_gmt":"2022-05-09T12:34:58","slug":"mexico-el-cuarto-pais-con-mayor-criminalidad-en-el-mundo","status":"publish","type":"post","link":"https:\/\/zonaroja.com.mx\/?p=40946","title":{"rendered":"M\u00e9xico, el cuarto pa\u00eds con mayor criminalidad en el mundo"},"content":{"rendered":"\n<p>Redacci\u00f3n\/Zona Roja Cdmx.<\/p>\n\n\n\n<p>Ciudad de M\u00e9xico, 9 de mayo de 2022.- La violencia en M\u00e9xico ha cobrado m\u00e1s fuerza que nunca. Un informe de la Iniciativa Global contra el Crimen Organizado Transnacional pone a nuestro pa\u00eds en el cuarto lugar de las naciones con mayor crimen organizado.<\/p>\n\n\n\n<p>Colombia, el Congo y Myanmar son los territorios que se encuentra por delante de M\u00e9xico. Estos est\u00e1n identificados como naciones en conflicto y gobiernos d\u00e9biles para combatir las tensiones de distintos grupos sociales.<\/p>\n\n\n\n<p>El informe fue elaborado con datos de 193 pa\u00edses. Se presenta un mapa interactivo donde se identifican criminalidad y resiliencia ante el crimen organizado.<\/p>\n\n\n\n<p>En el puntaje de criminalidad M\u00e9xico tiene 7.57 puntos, lo que lo ubica en el segundo lugar de los 35 en Am\u00e9rica y en el primero de ocho naciones en Centroam\u00e9rica.<\/p>\n\n\n\n<p>La principal raz\u00f3n por la que nuestro pa\u00eds se ubica en estas posiciones, se explica en el informe, es a los grupos criminales que son \u2018los m\u00e1s sofisticados del mundo\u2019.<\/p>\n\n\n\n<p>\u2018\u2019Los c\u00e1rteles de la droga controlan el territorio en gran parte de M\u00e9xico, cooptando al Estado a trav\u00e9s del soborno y la intimidaci\u00f3n, con el objetivo de facilitar sus actividades il\u00edcitas\u2019&#8217;, argumenta el informe.<\/p>\n\n\n\n<p>Otras de las practicas delictivas donde se ubica a M\u00e9xico en los primeros lugares es en trata de personas, armas, comercio de hero\u00edna, delitos contra la flora, fauna y recursos no renovables.<\/p>\n\n\n\n<p>RIESGO POR COMICIOS<\/p>\n\n\n\n<p>Durango corre un alto riesgo de que el crimen organizado meta las manos en el proceso electoral, dados los vac\u00edos de las autoridades federales de seguridad y la colindancia que se tiene con estados como Zacatecas, que tiene el primer lugar en la actividad de la delincuencia organizada. Hay 500 municipios \u201cperdidos\u201d en el narco.<\/p>\n\n\n\n<p>As\u00ed lo dio a conocer el Director General del Observatorio Nacional Ciudadano de Seguridad, Justicia y Legalidad A.C. (ONC) Francisco Rivas Rodr\u00edguez de visita por la entidad duranguense para concretar la inclusi\u00f3n del Derecho a la Paz en la Constituci\u00f3n.<\/p>\n\n\n\n<p>El representante ciudadano en conferencia de prensa previa al evento legislativo, se refiri\u00f3 a las condiciones de seguridad para las elecci\u00f3n, recordando que en las pasadas elecciones en otras entidades, hubo una clara injerencia del crimen organizado, narcobloqueos e incluso delitos cometidos en contra de candidatos&nbsp;y hasta el 31 de marzo de este a\u00f1o, no exist\u00eda carpeta de investigaci\u00f3n alguna por estos casos que sucedieron en estados como: Baja California, Sinaloa, Sonora, Colima y Nayarit.<\/p>\n\n\n\n<p>\u201cHoy Durango, de las seis entidades que cambian de gobierno, es una de los que nos debe preocupar, por la cercan\u00eda con entidades que se encuentran particularmente descompuestas que puede llevar a un brote de violencia\u201d, se\u00f1al\u00f3 refiri\u00e9ndose especialmente a Zacatecas, que es la que tiene el primer lugar en actividad del crimen organizado y no tiene una estrategia de seguridad aunque hayan enviado 4 mil elementos de la Guardia Nacional.<\/p>\n\n\n\n<p>Por lo tanto, se advierte que si hay posibilidades de que el crimen organizado quiera entrometerse, \u201cSi hay un riesgo por todo el espacio que se deja vac\u00edo y todo lo que deja actuar que la autoridad, pues finalmente la delincuencia organizada se va a colar\u201d.<\/p>\n\n\n\n<p>(Informaci\u00f3n de \u201cEl Financiero\u201d)<\/p>\n","protected":false},"excerpt":{"rendered":"<p>Redacci\u00f3n\/Zona Roja Cdmx. Ciudad de M\u00e9xico, 9 de mayo de 2022.- La violencia en M\u00e9xico&hellip;<\/p>\n","protected":false},"author":2,"featured_media":28501,"comment_status":"closed","ping_status":"open","sticky":false,"template":"","format":"standard","meta":{"_lmt_disableupdate":"","_lmt_disable":"","_jetpack_memberships_contains_paid_content":false,"footnotes":""},"categories":[109,47],"tags":[],"class_list":["post-40946","post","type-post","status-publish","format-standard","has-post-thumbnail","hentry","category-minuto-a-minuto","category-zona-gris"],"jetpack_featured_media_url":"https:\/\/zonaroja.com.mx\/wp-content\/uploads\/2021\/06\/Asesinato-homicidio-escena-crimen.jpeg","jetpack_sharing_enabled":true,"_links":{"self":[{"href":"https:\/\/zonaroja.com.mx\/index.php?rest_route=\/wp\/v2\/posts\/40946","targetHints":{"allow":["GET"]}}],"collection":[{"href":"https:\/\/zonaroja.com.mx\/index.php?rest_route=\/wp\/v2\/posts"}],"about":[{"href":"https:\/\/zonaroja.com.mx\/index.php?rest_route=\/wp\/v2\/types\/post"}],"author":[{"embeddable":true,"href":"https:\/\/zonaroja.com.mx\/index.php?rest_route=\/wp\/v2\/users\/2"}],"replies":[{"embeddable":true,"href":"https:\/\/zonaroja.com.mx\/index.php?rest_route=%2Fwp%2Fv2%2Fcomments&post=40946"}],"version-history":[{"count":1,"href":"https:\/\/zonaroja.com.mx\/index.php?rest_route=\/wp\/v2\/posts\/40946\/revisions"}],"predecessor-version":[{"id":40947,"href":"https:\/\/zonaroja.com.mx\/index.php?rest_route=\/wp\/v2\/posts\/40946\/revisions\/40947"}],"wp:featuredmedia":[{"embeddable":true,"href":"https:\/\/zonaroja.com.mx\/index.php?rest_route=\/wp\/v2\/media\/28501"}],"wp:attachment":[{"href":"https:\/\/zonaroja.com.mx\/index.php?rest_route=%2Fwp%2Fv2%2Fmedia&parent=40946"}],"wp:term":[{"taxonomy":"category","embeddable":true,"href":"https:\/\/zonaroja.com.mx\/index.php?rest_route=%2Fwp%2Fv2%2Fcategories&post=40946"},{"taxonomy":"post_tag","embeddable":true,"href":"https:\/\/zonaroja.com.mx\/index.php?rest_route=%2Fwp%2Fv2%2Ftags&post=40946"}],"curies":[{"name":"wp","href":"https:\/\/api.w.org\/{rel}","templated":true}]}}