{"id":40952,"date":"2022-05-09T08:21:10","date_gmt":"2022-05-09T13:21:10","guid":{"rendered":"http:\/\/www.zonaroja.com.mx\/?p=40952"},"modified":"2022-05-09T08:21:12","modified_gmt":"2022-05-09T13:21:12","slug":"refrenda-la-asociacion-de-periodistas-de-oaxaca-unidad-del-gremio","status":"publish","type":"post","link":"https:\/\/zonaroja.com.mx\/?p=40952","title":{"rendered":"Refrenda la Asociaci\u00f3n de Periodistas de Oaxaca unidad del gremio"},"content":{"rendered":"\n<p>Redacci\u00f3n\/Zona Roja.<\/p>\n\n\n\n<p>Oaxaca de Ju\u00e1rez, Oax, 9 de mayo del 2022. &#8211; La Asociaci\u00f3n de Periodistas de Oaxaca (APO) refrend\u00f3 la unidad del gremio y ratific\u00f3 su compromiso de seguir trabajando en favor de sus integrantes, adem\u00e1s de vincularse cada vez m\u00e1s con la sociedad oaxaque\u00f1a a trav\u00e9s de diversas actividades.<\/p>\n\n\n\n<p>Antes de iniciar los trabajos de la primera asamblea convocada por el Comit\u00e9 Ejecutivo -periodo 2022-2023- conformado por Felipe S\u00e1nchez Jim\u00e9nez (+), Andr\u00e9s Rodr\u00edguez Ortiz y Alejando L\u00f3pez Castellanos, se guard\u00f3 un minuto de silencio en memoria de este \u00faltimo, quien falleciera el 18 de abril del presente a\u00f1o.<\/p>\n\n\n\n<p>S\u00e1nchez Jim\u00e9nez fue decano del periodismo oaxaque\u00f1o, fundador de la asociaci\u00f3n y un fuerte impulsor de la Casa del Periodista, ubicada en la calle Gonz\u00e1lez Ortega 603 de la ciudad de Oaxaca de Ju\u00e1rez.<\/p>\n\n\n\n<p>De acuerdo con el orden del d\u00eda de la asamblea efectuada este s\u00e1bado 7 de mayo en la Casa del Periodista, la directiva procedi\u00f3 a nombrar y tomar la protesta a las comisiones que apoyar\u00e1n las actividades de la APO, las cuales quedaron integradas de la siguiente manera:<\/p>\n\n\n\n<p>Honor y Justicia: Wilfrido L\u00f3pez Torres y Javier Hern\u00e1ndez C\u00f3rdova.<\/p>\n\n\n\n<p>Vigilancia: Adri\u00e1n Ortiz Romero y Carlos Mario Castellanos.&nbsp;<\/p>\n\n\n\n<p>Prensa: Miguel \u00c1ngel Luna y Jorge Vega.<\/p>\n\n\n\n<p>Cultura y Deportes: N\u00e9stor Yuri S\u00e1nchez y Roberto Polo Hern\u00e1ndez.<\/p>\n\n\n\n<p>Rodr\u00edguez Ortiz y L\u00f3pez Castellanos, resaltaron que las puertas de la APO est\u00e1n abiertas para las y los compa\u00f1eros periodistas que deseen formar parte de esta organizaci\u00f3n que es una de las m\u00e1s antiguas del pa\u00eds.<\/p>\n\n\n\n<p>Coincidieron en se\u00f1alar que en estos tiempos tan dif\u00edciles para el ejercicio del periodismo, es importante la unidad de quienes ejercen este noble oficio.<\/p>\n","protected":false},"excerpt":{"rendered":"<p>Redacci\u00f3n\/Zona Roja. Oaxaca de Ju\u00e1rez, Oax, 9 de mayo del 2022. &#8211; La Asociaci\u00f3n de&hellip;<\/p>\n","protected":false},"author":2,"featured_media":40953,"comment_status":"closed","ping_status":"open","sticky":false,"template":"","format":"standard","meta":{"_lmt_disableupdate":"","_lmt_disable":"","_jetpack_memberships_contains_paid_content":false,"footnotes":""},"categories":[109,46],"tags":[1041],"class_list":["post-40952","post","type-post","status-publish","format-standard","has-post-thumbnail","hentry","category-minuto-a-minuto","category-zona-blanca","tag-asociacion-de-periodistas-de-oaxaca-apo"],"jetpack_featured_media_url":"https:\/\/zonaroja.com.mx\/wp-content\/uploads\/2022\/05\/Asociacion-de-Periodistas-de-Oaxaca.jpg","jetpack_sharing_enabled":true,"_links":{"self":[{"href":"https:\/\/zonaroja.com.mx\/index.php?rest_route=\/wp\/v2\/posts\/40952","targetHints":{"allow":["GET"]}}],"collection":[{"href":"https:\/\/zonaroja.com.mx\/index.php?rest_route=\/wp\/v2\/posts"}],"about":[{"href":"https:\/\/zonaroja.com.mx\/index.php?rest_route=\/wp\/v2\/types\/post"}],"author":[{"embeddable":true,"href":"https:\/\/zonaroja.com.mx\/index.php?rest_route=\/wp\/v2\/users\/2"}],"replies":[{"embeddable":true,"href":"https:\/\/zonaroja.com.mx\/index.php?rest_route=%2Fwp%2Fv2%2Fcomments&post=40952"}],"version-history":[{"count":1,"href":"https:\/\/zonaroja.com.mx\/index.php?rest_route=\/wp\/v2\/posts\/40952\/revisions"}],"predecessor-version":[{"id":40954,"href":"https:\/\/zonaroja.com.mx\/index.php?rest_route=\/wp\/v2\/posts\/40952\/revisions\/40954"}],"wp:featuredmedia":[{"embeddable":true,"href":"https:\/\/zonaroja.com.mx\/index.php?rest_route=\/wp\/v2\/media\/40953"}],"wp:attachment":[{"href":"https:\/\/zonaroja.com.mx\/index.php?rest_route=%2Fwp%2Fv2%2Fmedia&parent=40952"}],"wp:term":[{"taxonomy":"category","embeddable":true,"href":"https:\/\/zonaroja.com.mx\/index.php?rest_route=%2Fwp%2Fv2%2Fcategories&post=40952"},{"taxonomy":"post_tag","embeddable":true,"href":"https:\/\/zonaroja.com.mx\/index.php?rest_route=%2Fwp%2Fv2%2Ftags&post=40952"}],"curies":[{"name":"wp","href":"https:\/\/api.w.org\/{rel}","templated":true}]}}